{"id":220,"count":13,"description":"Les aspects culturels, historiques et r\u00e9glementaires de l\u2019allaitement pour mieux comprendre son r\u00f4le et son \u00e9volution dans la soci\u00e9t\u00e9.","link":"https:\/\/vanillamilk.fr\/blog\/allaitement-dans-societe\/","name":"L'allaitement maternel dans la soci\u00e9t\u00e9","slug":"allaitement-dans-societe","taxonomy":"category","parent":0,"meta":[],"acf":[],"_links":{"self":[{"href":"https:\/\/vanillamilk.fr\/blog\/wp-json\/wp\/v2\/categories\/220","targetHints":{"allow":["GET"]}}],"collection":[{"href":"https:\/\/vanillamilk.fr\/blog\/wp-json\/wp\/v2\/categories"}],"about":[{"href":"https:\/\/vanillamilk.fr\/blog\/wp-json\/wp\/v2\/taxonomies\/category"}],"wp:post_type":[{"href":"https:\/\/vanillamilk.fr\/blog\/wp-json\/wp\/v2\/posts?categories=220"}],"curies":[{"name":"wp","href":"https:\/\/api.w.org\/{rel}","templated":true}]}}