{"id":222,"count":3,"description":"L\u2019allaitement au-del\u00e0 des fronti\u00e8res : exploration des traditions, coutumes et repr\u00e9sentations artistiques autour de l\u2019allaitement.","link":"https:\/\/vanillamilk.fr\/blog\/allaitement-dans-societe\/allaitement-art-cultures\/","name":"L\u2019allaitement \u00e0 travers l\u2019art et les cultures","slug":"allaitement-art-cultures","taxonomy":"category","parent":220,"meta":[],"acf":[],"_links":{"self":[{"href":"https:\/\/vanillamilk.fr\/blog\/wp-json\/wp\/v2\/categories\/222","targetHints":{"allow":["GET"]}}],"collection":[{"href":"https:\/\/vanillamilk.fr\/blog\/wp-json\/wp\/v2\/categories"}],"about":[{"href":"https:\/\/vanillamilk.fr\/blog\/wp-json\/wp\/v2\/taxonomies\/category"}],"up":[{"embeddable":true,"href":"https:\/\/vanillamilk.fr\/blog\/wp-json\/wp\/v2\/categories\/220"}],"wp:post_type":[{"href":"https:\/\/vanillamilk.fr\/blog\/wp-json\/wp\/v2\/posts?categories=222"}],"curies":[{"name":"wp","href":"https:\/\/api.w.org\/{rel}","templated":true}]}}