{"id":1401,"date":"2021-12-01T09:00:03","date_gmt":"2021-12-01T08:00:03","guid":{"rendered":"https:\/\/vanillamilk.fr\/blog\/?p=1401"},"modified":"2025-10-28T12:48:08","modified_gmt":"2025-10-28T11:48:08","slug":"mal-accompagnee-allaitement","status":"publish","type":"post","link":"https:\/\/vanillamilk.fr\/blog\/mal-accompagnee-allaitement\/","title":{"rendered":"\u00ab J&rsquo;ai \u00e9t\u00e9 mal accompagn\u00e9e tout au long de mon allaitement maternel. \u00bb"},"content":{"rendered":"<h5>L\u00e9a avait 27 ans quand elle a donn\u00e9 naissance \u00e0 son petit gar\u00e7on.<\/p>\n<p>Aujourd\u2019hui, elle partage avec nous la fa\u00e7on dont elle s\u2019\u00e9tait pr\u00e9par\u00e9e \u00e0 l\u2019allaitement et, notamment, comment elle a v\u00e9cu les trois premiers mois.<\/h5>\n<h2>S\u2019informer avant l\u2019accouchement, c\u2019est important !<\/h2>\n<p><strong>Jeune maman de 27 ans d\u2019un petit gar\u00e7on de trois mois<\/strong>, je ne me suis jamais pos\u00e9e la question de l\u2019allaitement. Pour moi, c\u2019\u00e9tait un oui naturel, spontan\u00e9, presque na\u00eff. J\u2019\u00e9tais loin de me douter qu\u2019on me poserait aussi souvent des questions \u00e0 ce sujet : \u00ab Tu penses l\u2019allaiter ? \u00bb, \u00ab Combien de temps ? \u00bb\u2026<\/p>\n<p><strong>Je ne pensais pas non plus que c\u2019\u00e9tait encore un sujet parfois tabou, et porteur de tant de d\u00e9bats. <\/strong>En fait, j\u2019\u00e9tais loin de savoir ce que c\u2019\u00e9tait d\u2019allaiter, tout simplement. Parce qu\u2019au final \u00e0 part me montrer les positions id\u00e9ales de mise au sein, on ne m\u2019a jamais inform\u00e9e plus que \u00e7a sur tout ce qui se cache derri\u00e8re.<\/p>\n<p>Ma grossesse, je l\u2019ai v\u00e9cue avec s\u00e9r\u00e9nit\u00e9. Cet enfant non programm\u00e9 \u00e9tait un petit bonheur \u00e0 venir dans notre couple. J\u2019ai pris plaisir \u00e0 me renseigner sur pas mal de choses. Pourtant, avec le recul ,je r\u00e9alise que j\u2019\u00e9tais <strong>mal accompagn\u00e9e sur les questions autour de l\u2019allaitement.<\/strong><\/p>\n<p>Tout ce qu\u2019on me disait c\u2019est \u00ab Surtout, accroche toi ! Les premiers jours sont souvent difficiles, mais apr\u00e8s c\u2019est magique ! \u00bb. J\u2019\u00e9tais donc pr\u00eate \u00e0 \u00ab m\u2019accrocher \u00bb tout <strong>en \u00e9tant pr\u00eate \u00e0 l\u2019\u00e9ventualit\u00e9 de ne pas pouvoir le faire<\/strong>.<\/p>\n<p>En somme, je voulais allaiter mais ne pensais pas mal le vivre si jamais je n\u2019\u00e9tais pas en mesure de le faire.<\/p>\n<p><a href=\"https:\/\/vanillamilk.fr\/teleconsultation-allaitement.php\" title=\"Lien vers le site VanillaMilk\" target=\"_blank\" alt=\"Lien vers le site VanillaMilk\" ><img decoding=\"async\" src=\"https:\/\/vanillamilk.fr\/blog\/wp-content\/uploads\/2024\/09\/teleconsultation-allaitement-web-cta.png\" class=\"img-responsive\" width=\"970\" height=\"250\" =La  allaitement alt=\"- -\" title=\"- -\"><\/a> <\/p>\n<h2>Un accouchement naturel un peu compliqu\u00e9\u2026<\/h2>\n<p>J\u2019avais choisi un <strong>accouchement physiologique<\/strong> mais tout ne fut pas aussi simple.<\/p>\n<p>La position de mon petit b\u00e9b\u00e9 n\u2019\u00e9tait pas optimale. Son dos poussait contre le mien entra\u00eenant des douleurs dans mes reins assez insoutenables. Ne me laissant aucun r\u00e9pit entre les contractions, <strong>j\u2019ai fini par accepter une p\u00e9ridurale<\/strong>. Si cette derni\u00e8re a soulag\u00e9 la douleur, elle a aussi acc\u00e9l\u00e9r\u00e9 les choses.<\/p>\n<p>Nous sommes pass\u00e9s \u00e0 un cheveu de la c\u00e9sarienne et <strong>ils ont finalement d\u00fb utiliser les forceps<\/strong>. Tout cela en l\u2019espace de 10 minutes.<\/p>\n<p>Je me suis retrouv\u00e9e d\u00e9sorient\u00e9e, tremblante \u00e0 cause de la double dose de p\u00e9ridurale inject\u00e9e coup sur coup, avec mon petit bout d\u2019homme contre moi. Deux heures apr\u00e8s, le papa a d\u00fb partir car il ne pouvait pas rester toute la nuit avec nous. Je le savais \u00e0 l\u2019avance, mais sur le moment je l\u2019ai tr\u00e8s mal v\u00e9cu. <strong>J\u2019avais vraiment besoin de lui aupr\u00e8s de moi.<\/strong><\/p>\n<p>Surtout que notre petit b\u00e9b\u00e9 avait visiblement du mal \u00e0 t\u00e9ter. <strong>La raison invoqu\u00e9e ? Ma poitrine \u00e9tait trop gorg\u00e9e pour sa minuscule petite bouche.<\/strong> <\/p>\n<h2>Se faire accompagner par de bons professionnels et s\u2019armer de patience<\/h2>\n<p><strong>Les d\u00e9buts ont \u00e9t\u00e9 compliqu\u00e9s.<\/strong> Comme il ne t\u00e9tait presque pas, la mont\u00e9e de lait a mis du temps \u00e0 arriver. Et quand elle a finalement point\u00e9 le bout de son nez, je me suis retrouv\u00e9e avec deux blocs de b\u00e9ton douloureux, encore une fois bien <strong>trop gros et tendus pour la bouche de mon nourrisson<\/strong>.<\/p>\n<p><strong>Congestionn\u00e9e de partout, je passais mon temps \u00e0 exprimer manuellement mon lait sous la douche<\/strong>. En parall\u00e8le, on me disait \u00ab \u00e7a finira par se d\u00e9gonfler \u00bb. Certes, \u00e7a a fini par arriver plus d\u2019une semaine apr\u00e8s la naissance, mais sur le coup je rageais un peu que ce soit la seule chose qu\u2019on trouve \u00e0 me dire.<\/p>\n<p><strong>Peu \u00e0 peu, nous avons trouv\u00e9 notre rythme et notre mani\u00e8re de faire avec mon petit gar\u00e7on<\/strong>. Je pensais enfin avoir v\u00e9cu le plus dur quand j\u2019ai commenc\u00e9 \u00e0 ressentir des douleurs dans les seins, des lancements et des br\u00fblures.<\/p>\n<p>Je ne le savais pas encore mais <strong>j\u2019allais d\u00e9couvrir ce qu\u2019\u00e9tait une <a href=\"https:\/\/vanillamilk.fr\/dico-allaitement.php#mastite\" target=\"_blank\" title=\"mastite\">mastite<\/a><\/strong>.<\/p>\n<p>Au d\u00e9but, je ne savais pas ce que c\u2019\u00e9tait. Je n\u2019en n\u2019avais jamais entendu parler. Et quand je suis all\u00e9e voir un m\u00e9decin car je ne me sentais pas bien (tremblements et \u00e9tat grippal sans fi\u00e8vre), ce dernier m\u2019a juste conseill\u00e9e de me reposer sans \u00e9voquer une seule seconde les congestions de lait. Bref, je n\u2019\u00e9tais pas plus avanc\u00e9e.<\/p>\n<p>C\u2019est quand, le soir-m\u00eame de la consultation, j\u2019ai remarqu\u00e9 une baisse drastique de ma lactation que j\u2019ai paniqu\u00e9.<\/p>\n<p><strong>Pleurs au beau milieu de la nuit, doutes et angoisses<\/strong>. Mon b\u00e9b\u00e9 avait tout juste un mois, je ne voulais pas arr\u00eater de l\u2019allaiter. Pas maintenant, alors que je commen\u00e7ais \u00e0 en d\u00e9couvrir toutes les joies. Heureusement internet est l\u00e0 et je suis rapidement tomb\u00e9e sur un article de la <strong><a href=\"https:\/\/www.lllfrance.org\/\" rel=\"noopener noreferrer\" target=\"_blank\" title=\"Leche League\">Leche League<\/a><\/strong> qui a sauv\u00e9 ma nuit.<\/p>\n<p>Par la suite, malgr\u00e9 mes pr\u00e9cautions, je subissais une mastite par mois en moyenne. C\u2019\u00e9tait douloureux, fatiguant sur le moment, mais pour tous les autres jours, <strong>j\u2019avais d\u00e9cid\u00e9 de continuer tant que notre rythme de vie le permettait.<\/strong> <\/p>\n<h2>Et si c\u2019\u00e9tait \u00e0 refaire ?<\/h2>\n<p>Avec le recul, j\u2019aurais aim\u00e9 qu\u2019on me parle mieux des risques possibles, des douleurs, des mont\u00e9es de lait, du quotidien et des douleurs caus\u00e9es par d\u2019autres raisons que le mauvais positionnement du b\u00e9b\u00e9. Peut-\u00eatre demander de l&rsquo;aide \u00e0 un <a href=\"https:\/\/vanillamilk.fr\/map.php\" target=\"_blank\" title=\"Carte VanillaMilk\">professionnel form\u00e9 en allaitement<\/a>&#8230;<\/p>\n<p>En me renseignant, j\u2019ai aussi d\u00e9couvert ce qu\u2019on appelle le <a href=\"https:\/\/vanillamilk.fr\/dico-allaitement.php#candidose\" target=\"_blank\" title=\"muguet\">muguet<\/a> aussi. Je regrette de ne pas avoir \u00e9t\u00e9 inform\u00e9e plus t\u00f4t sur ce genre d\u2019infection. Cela aurait permis d\u2019essayer rapidement une solution de soulagement et calmer les angoisses de l\u2019inconnu. \u00bb<\/p>\n","protected":false},"excerpt":{"rendered":"<p>T\u00e9moignage de L\u00e9a, maman d&rsquo;un petit gar\u00e7on<\/p>\n","protected":false},"author":2,"featured_media":2368,"comment_status":"open","ping_status":"open","sticky":false,"template":"","format":"standard","meta":{"_acf_changed":false,"_et_pb_use_builder":"off","_et_pb_old_content":"","_et_gb_content_width":"","footnotes":""},"categories":[216,211,183,202,195,82,213],"tags":[],"class_list":["post-1401","post","type-post","status-publish","format-standard","has-post-thumbnail","hentry","category-temoignages-mamans-allaitement","category-bien-sentourer","category-preparation-de-lallaitement","category-professionnels-soutien-allaitement","category-mise-en-route-premiers-jours","category-les-temoignages-des-mamans","category-outils-astuces-temoignages"],"acf":[],"_links":{"self":[{"href":"https:\/\/vanillamilk.fr\/blog\/wp-json\/wp\/v2\/posts\/1401","targetHints":{"allow":["GET"]}}],"collection":[{"href":"https:\/\/vanillamilk.fr\/blog\/wp-json\/wp\/v2\/posts"}],"about":[{"href":"https:\/\/vanillamilk.fr\/blog\/wp-json\/wp\/v2\/types\/post"}],"author":[{"embeddable":true,"href":"https:\/\/vanillamilk.fr\/blog\/wp-json\/wp\/v2\/users\/2"}],"replies":[{"embeddable":true,"href":"https:\/\/vanillamilk.fr\/blog\/wp-json\/wp\/v2\/comments?post=1401"}],"version-history":[{"count":40,"href":"https:\/\/vanillamilk.fr\/blog\/wp-json\/wp\/v2\/posts\/1401\/revisions"}],"predecessor-version":[{"id":12725,"href":"https:\/\/vanillamilk.fr\/blog\/wp-json\/wp\/v2\/posts\/1401\/revisions\/12725"}],"wp:featuredmedia":[{"embeddable":true,"href":"https:\/\/vanillamilk.fr\/blog\/wp-json\/wp\/v2\/media\/2368"}],"wp:attachment":[{"href":"https:\/\/vanillamilk.fr\/blog\/wp-json\/wp\/v2\/media?parent=1401"}],"wp:term":[{"taxonomy":"category","embeddable":true,"href":"https:\/\/vanillamilk.fr\/blog\/wp-json\/wp\/v2\/categories?post=1401"},{"taxonomy":"post_tag","embeddable":true,"href":"https:\/\/vanillamilk.fr\/blog\/wp-json\/wp\/v2\/tags?post=1401"}],"curies":[{"name":"wp","href":"https:\/\/api.w.org\/{rel}","templated":true}]}}