{"id":163,"date":"2019-09-14T12:00:26","date_gmt":"2019-09-14T10:00:26","guid":{"rendered":"https:\/\/vanillamilk.fr\/blog\/?p=163"},"modified":"2025-06-25T18:42:17","modified_gmt":"2025-06-25T16:42:17","slug":"une-soiree-tv-qui-va-tout-changer","status":"publish","type":"post","link":"https:\/\/vanillamilk.fr\/blog\/une-soiree-tv-qui-va-tout-changer\/","title":{"rendered":"Une soir\u00e9e TV qui va tout changer"},"content":{"rendered":"<h5>\nOctobre 2015. Il est 2h36 du matin, et ma puce de 5 mois ne veut pas dormir\u2026 Les yeux grands ouverts, elle t\u00eate et me regarde. Moi, je suis perdue dans mes pens\u00e9es, assez chamboul\u00e9e\u2026<\/p>\n<p>En effet, la veille au soir, je suis tomb\u00e9e \u00ab par hasard \u00bb sur un reportage \u00e9voquant les laits industriels, leur composition et surtout les probl\u00e8mes de malnutrition des b\u00e9b\u00e9s en Indon\u00e9sie.<\/p>\n<p>Cette nuit-l\u00e0, je ne peux m\u2019emp\u00eacher d\u2019y repenser et de ressasser le sujet\u2026 On dit qu\u2019il n\u2019y a pas de hasard : je ne savais pas \u00e0 quel point c\u2019\u00e9tait vrai et combien cette soir\u00e9e TV allait changer ma vie !<br \/>\n<\/h5>\n<div class=\"sommaire\" id=\"sommaire\">\n<h4 class=\"sommaire-titre\">SOMMAIRE<\/h4>\n<ul>\n<li><a href=\"#du-reportage-aux-reflexions\" alt=\"Du reportage, aux r\u00e9flexions\u2026\" title=\"Du reportage, aux r\u00e9flexions\u2026\">Du reportage, aux r\u00e9flexions\u2026<\/a><\/li>\n<li><a href=\"#en-immersion-dans-le-monde-meconnu-de-lallaitement-maternel\" alt=\"En immersion dans le monde m\u00e9connu de l\u2019allaitement maternel\" title=\"En immersion dans le monde m\u00e9connu de l\u2019allaitement maternel\">En immersion dans le monde m\u00e9connu de l\u2019allaitement maternel<\/a><\/li>\n<li><a href=\"#et-la-palme-du-presque-plus-mauvais-eleve-revient-a\" alt=\"\u00ab Et la palme du (presque) plus mauvais \u00e9l\u00e8ve revient \u00e0\u2026 \u00bb\" title=\"\u00ab Et la palme du (presque) plus mauvais \u00e9l\u00e8ve revient \u00e0\u2026 \u00bb\">\u00ab Et la palme du (presque) plus mauvais \u00e9l\u00e8ve revient \u00e0\u2026 \u00bb<\/a><\/li>\n<li><a href=\"#et-moi-dans-tout-ca\" alt=\"Et moi dans tout \u00e7a ?\" title=\"Et moi dans tout \u00e7a ?\">Et moi dans tout \u00e7a ?<\/a><\/li>\n<\/ul>\n<\/div>\n<div class=\"retour-sommaire\"><a href=\"#sommaire\" alt=\"Retour au sommaire\" title=\"Retour au sommaire\">Retour au sommaire<\/a><\/div>\n<h2 class=\"ancre\" id=\"du-reportage-aux-reflexions\">Du reportage, aux r\u00e9flexions\u2026<\/h2>\n<p>\u00c0 l\u2019\u00e9poque, j\u2019ai \u00ab \u00e0 mon actif \u00bb 14 mois d\u2019allaitement mais je ne suis pas (encore) passionn\u00e9e par le sujet. En fait, pour ma premi\u00e8re poupette, je me disais juste \u00ab on essayera et on verra bien comment \u00e7a se passe ! \u00bb. J\u2019ai accouch\u00e9 en Belgique, j\u2019ai eu la chance d\u2019\u00eatre tr\u00e8s bien conseill\u00e9e et accompagn\u00e9e pendant mon s\u00e9jour \u00e0 la clinique. Sans m\u2019en rendre compte, \u00e7a m\u2018a permis de gagner une confiance en moi qui ne m\u2019a plus quitt\u00e9e tout au long de mes deux allaitements.<\/p>\n<p>Aussi, le lendemain de l\u2019\u00e9mission, \u00e7a trotte toujours dans ma t\u00eate\u2026 Je ne sais pas trop quel cr\u00e9dit donner \u00e0 tout ce que j\u2019ai entendu : o\u00f9 est le faux du vrai ? Alors, je d\u00e9cide de faire quelques recherches sur le net\u2026<\/p>\n<p>Et l\u00e0, j\u2019ai comme un d\u00e9clic : moi qui r\u00eave depuis des ann\u00e9es de me lancer dans un projet personnel et professionnel, je r\u00e9alise que la th\u00e9matique de l\u2019allaitement maternel est toute trouv\u00e9e !<\/p>\n<div class=\"retour-sommaire\"><a href=\"#sommaire\" alt=\"Retour au sommaire\" title=\"Retour au sommaire\">Retour au sommaire<\/a><\/div>\n<h2 class=\"ancre\" id=\"en-immersion-dans-le-monde-meconnu-de-lallaitement-maternel\">En immersion dans le monde m\u00e9connu de l\u2019allaitement maternel<\/h2>\n<p>Tr\u00e8s vite, je rejoins des forums de discussions entre mamans, futures mamans, allaitantes de longue date ou m\u00eame \u00ab anciennes \u00bb allaitantes. Chaque exp\u00e9rience et chaque femme est diff\u00e9rente mais pour toutes, l\u2019allaitement a marqu\u00e9 leur vie.<\/p>\n<p>J\u2019observe, j\u2019\u00e9coute, j\u2019apprends, j\u2019\u00e9change, je d\u00e9couvre\u2026<\/p>\n<p>Puis, je visite une tonne de sites web en rapport avec l\u2018allaitement, je d\u00e9vore des rapports, je me rends \u00e0 des conf\u00e9rences, j\u2019\u00e9coute des podcasts, je suis un <strong>MOOC<\/strong>\u2026 Je m\u2019\u00e9merveille \u00e0 la d\u00e9couverte de donn\u00e9es scientifiques sur les bienfaits du lait maternel, sa composition, son \u00e9volution au fil des jours, des mois\u2026 Je me d\u00e9couvre une r\u00e9elle passion pour le sujet.<\/p>\n<div class=\"retour-sommaire\"><a href=\"#sommaire\" alt=\"Retour au sommaire\" title=\"Retour au sommaire\">Retour au sommaire<\/a><\/div>\n<h2 class=\"ancre\" id=\"et-la-palme-du-presque-plus-mauvais-eleve-revient-a\">\u00ab Et la palme du (presque) plus mauvais \u00e9l\u00e8ve revient \u00e0\u2026 \u00bb<\/h2>\n<p>Je pousse alors mes recherches et m\u2019int\u00e9resse aussi \u00e0 l\u2019image de l\u2019allaitement, la qualit\u00e9 de l\u2019accompagnement, les statistiques dans divers pays industrialis\u00e9s : en Belgique bien-s\u00fbr, en Allemagne (o\u00f9 a accouch\u00e9 ma belle-s\u0153ur), en Finlande (pays avec lequel travaille mon mari), en France\u2026 Et l\u00e0, a\u00efe, \u00e7a fait mal !<\/p>\n<p>En effet, le constat n\u2019est pas tr\u00e8s r\u00e9jouissant : les chiffres sont \u00e0 la tra\u00eene, les taux baissent, les mamans se plaignent, se sentent souvent seules, d\u00e9munies\u2026<\/p>\n<p>Heureusement, je constate tr\u00e8s vite qu\u2019il existe une magnifique solidarit\u00e9 entre les mamans allaitantes et puis qu\u2019on a \u00e9norm\u00e9ment de personnes, de professionnels, d\u2019associations, d\u2019organismes dynamiques et motiv\u00e9s qui travaillent dans l\u2019ombre, souvent b\u00e9n\u00e9volement, pour tenter de faire \u00e9voluer les choses.<\/p>\n<div class=\"retour-sommaire\"><a href=\"#sommaire\" alt=\"Retour au sommaire\" title=\"Retour au sommaire\">Retour au sommaire<\/a><\/div>\n<h2 class=\"ancre\" id=\"et-moi-dans-tout-ca\">Et moi dans tout \u00e7a ?<\/h2>\n<p>Rapidement, je me sens tr\u00e8s concern\u00e9e et impliqu\u00e9e dans le sujet : impossible de rester les bras crois\u00e9s. Alors, je me pose mille questions :<\/p>\n<ul>\n<li>Comment aider ?<\/li>\n<li>Je ne suis pas issue du milieu m\u00e9dical : comment mettre \u00e0 profit ma d\u00e9termination et mes comp\u00e9tences professionnelles sans pour autant repartir \u00e0 z\u00e9ro ?<\/li>\n<li>Comment pouvoir vivre de ce projet touchant les domaines de la sant\u00e9 et du social ?<\/li>\n<li>O\u00f9 et comment trouver d\u2019autres personnes comme moi pour m\u2019accompagner dans l\u2019aventure ?\u2026<\/li>\n<\/ul>\n<p>Enfin, au bout de quelques mois de r\u00e9flexion, \u00e7a y est, j\u2019ai une id\u00e9e ! Je ne vous ferai pas attendre aussi longtemps pour vous la raconter, je vous en parle d\u00e9j\u00e0 dans le prochain article\u2026 ?<\/p>\n<p><em>*MOOC (Massive Open Online Course) : Formation sur Internet \u00e0 distance, gratuite et ouverte \u00e0 tous.<\/em><\/p>\n","protected":false},"excerpt":{"rendered":"<p>Tout est parti d&rsquo;un reportage t\u00e9l\u00e9&#8230; Vous l&rsquo;avez vu aussi ?<\/p>\n","protected":false},"author":2,"featured_media":491,"comment_status":"open","ping_status":"closed","sticky":false,"template":"","format":"standard","meta":{"_acf_changed":false,"_et_pb_use_builder":"off","_et_pb_old_content":"","_et_gb_content_width":"","footnotes":""},"categories":[60],"tags":[],"class_list":["post-163","post","type-post","status-publish","format-standard","has-post-thumbnail","hentry","category-les-origines-de-vanillamilk"],"acf":[],"_links":{"self":[{"href":"https:\/\/vanillamilk.fr\/blog\/wp-json\/wp\/v2\/posts\/163","targetHints":{"allow":["GET"]}}],"collection":[{"href":"https:\/\/vanillamilk.fr\/blog\/wp-json\/wp\/v2\/posts"}],"about":[{"href":"https:\/\/vanillamilk.fr\/blog\/wp-json\/wp\/v2\/types\/post"}],"author":[{"embeddable":true,"href":"https:\/\/vanillamilk.fr\/blog\/wp-json\/wp\/v2\/users\/2"}],"replies":[{"embeddable":true,"href":"https:\/\/vanillamilk.fr\/blog\/wp-json\/wp\/v2\/comments?post=163"}],"version-history":[{"count":31,"href":"https:\/\/vanillamilk.fr\/blog\/wp-json\/wp\/v2\/posts\/163\/revisions"}],"predecessor-version":[{"id":12403,"href":"https:\/\/vanillamilk.fr\/blog\/wp-json\/wp\/v2\/posts\/163\/revisions\/12403"}],"wp:featuredmedia":[{"embeddable":true,"href":"https:\/\/vanillamilk.fr\/blog\/wp-json\/wp\/v2\/media\/491"}],"wp:attachment":[{"href":"https:\/\/vanillamilk.fr\/blog\/wp-json\/wp\/v2\/media?parent=163"}],"wp:term":[{"taxonomy":"category","embeddable":true,"href":"https:\/\/vanillamilk.fr\/blog\/wp-json\/wp\/v2\/categories?post=163"},{"taxonomy":"post_tag","embeddable":true,"href":"https:\/\/vanillamilk.fr\/blog\/wp-json\/wp\/v2\/tags?post=163"}],"curies":[{"name":"wp","href":"https:\/\/api.w.org\/{rel}","templated":true}]}}