{"id":383,"date":"2019-09-11T12:00:10","date_gmt":"2019-09-11T10:00:10","guid":{"rendered":"https:\/\/vanillamilk.fr\/blog\/?p=383"},"modified":"2025-11-17T17:37:13","modified_gmt":"2025-11-17T16:37:13","slug":"vanillamilk-cest-quoi-au-juste","status":"publish","type":"post","link":"https:\/\/vanillamilk.fr\/blog\/vanillamilk-cest-quoi-au-juste\/","title":{"rendered":"Mais VanillaMilk, c\u2019est quoi au juste ?"},"content":{"rendered":"<h5>Bon, on fait le bilan ? Vous savez maintenant <a href=\"https:\/\/vanillamilk.fr\/blog\/une-soiree-tv-qui-va-tout-changer\/\" target=\"_blank\" title=\"Article de blog\">d\u2019o\u00f9 je suis partie<\/a>, <a href=\"https:\/\/vanillamilk.fr\/blog\/deux-ans-et-trois-idees-plus-tard-je-me-lance-enfin-1\/\" target=\"_blank\" title=\"Article de blog\">les id\u00e9es que j\u2019ai eues<\/a> et que j\u2019ai test\u00e9es avant de <a href=\"https:\/\/vanillamilk.fr\/blog\/deux-ans-et-trois-idees-plus-tard-je-me-lance-enfin-2\/\" target=\"_blank\" title=\"Article de blog\">trouver celle qui me correspondait le mieux<\/a>.<\/p>\n<p>Maintenant, il est temps de vous en dire plus : <strong>VanillaMilk, concr\u00e8tement, c\u2019est quoi au juste ?<\/strong><\/h5>\n<h2>Une plateforme num\u00e9rique innovante et intuitive<\/h2>\n<p>Alors, VanillaMilk sera <strong>une <a href=\"https:\/\/vanillamilk.fr\/\" target=\"_blank\" title=\"Site VanillaMilk\">plateforme web<\/a> autour du th\u00e8me de l\u2019allaitement maternel<\/strong> (oui je parle au futur, car \u00e0 l\u2019heure o\u00f9 je vous \u00e9cris en cette chaude journ\u00e9e d\u2019ao\u00fbt 2018, le site est encore en construction).<\/p>\n<p>Ainsi, son objectif principal sera de <strong>(re)cr\u00e9er du lien<\/strong>, des liens autour des futures mamans et mamans allaitantes pour qu\u2019elles aient acc\u00e8s \u00e0 toutes les r\u00e9ponses \u00e0 leurs questions et pour <strong>les accompagner dans leurs d\u00e9cisions et choix d\u2019allaitement, quels qu\u2019ils soient<\/strong>.<\/p>\n<p>Pour ces (futures) mamans, mon intention est de :<\/p>\n<ul>\n<li>Les sensibiliser \u00e0 l\u2019importance de la pr\u00e9paration et de l\u2019accompagnement (car non, allaiter n\u2019est pas si facile),<\/li>\n<li>Faire un point sur les id\u00e9es re\u00e7ues,<\/li>\n<li>Leur offrir un acc\u00e8s simple et rapide aux informations \u00ab de base \u00bb,<\/li>\n<li>Leur permettre de se poser les bonnes questions pour d\u00e9finir sans culpabilit\u00e9 un allaitement qui leur convient<\/li>\n<li>Et surtout leur faire prendre conscience de <a href=\"https:\/\/vanillamilk.fr\/map.php\" target=\"_blank\" title=\"Carte VanillaMilk\">toute l\u2019aide dont elles disposent autour de chez elles<\/a>.<\/li>\n<\/ul>\n<h2>Je ne souhaite pas r\u00e9inventer la roue\u2026<\/h2>\n<p>\u2026mais simplement <strong>apporter ma petite pierre \u00e0 l\u2019\u00e9difice<\/strong>, comme on dit !<\/p>\n<p>Aujourd\u2019hui, il existe en effet d\u00e9j\u00e0 plein d\u2019acteurs dans le domaine : des professionnels, des associations, des b\u00e9n\u00e9voles qui en savent bien plus que moi, qui font un <strong>super travail et cr\u00e9ent d\u2019excellents contenus et outils<\/strong>. Par contre, et c\u2019est dommage, ils sont <strong>trop peu visibles<\/strong> des futures mamans ou pas assez mis en valeur sur internet, d\u2019o\u00f9 mon id\u00e9e de plateforme pour <strong>les mettre en lumi\u00e8re<\/strong>.<\/p>\n<p>Alors, avec VanillaMilk, je veux mettre mes comp\u00e9tences en <strong>gestion, marketing et web<\/strong> au service de toutes ces personnes et organismes. La plateforme web deviendra <strong>leur lien avec les futures mamans<\/strong> et bien entendu les mamans allaitantes.<\/p>\n<p>Mais, comme selon moi rien ne vaut les astuces, les bons conseils et les \u00e9changes d\u2019exp\u00e9riences, le site permettra aussi aux (futures) mamans d\u2019une m\u00eame ville de <strong>rentrer en contact pour de vrai<\/strong> ! Sans parler des mamans ayant allait\u00e9 (avec leur formidable envie de transmettre) dont <strong>la pr\u00e9sence sera primordiale<\/strong> sur le site.<\/p>\n<h2>VanillaMilk, mon allaitement \u00e0 la carte<\/h2>\n<p>Concr\u00e8tement, le site souhaite \u00eatre super simple d\u2019utilisation : vous pourrez ainsi facilement visualiser votre r\u00e9seau sur <a href=\"https:\/\/vanillamilk.fr\/map.php\" target=\"_blank\" title=\"Carte VanillaMilk\">une carte interactive<\/a>. Seront ainsi r\u00e9f\u00e9renc\u00e9s, <a href=\"https:\/\/vanillamilk.fr\/les-pros.php\" target=\"_blank\" title=\"Pros du r\u00e9seau VanillaMilk\">les personnes et solutions d\u2019accompagnement<\/a> existant autour de vous et qui auront \u00e9mis le souhait d\u2019\u00eatre visibles sur la carte pour <strong>vous apporter de l\u2019aide, du soutien et des conseils<\/strong>.<\/p>\n<p>Ainsi, vous pourrez donc par exemple y trouver des :<\/p>\n<ul>\n<li><a href=\"https:\/\/vanillamilk.fr\/blog\/consultante-en-lactation-ibclc\/\" target=\"_blank\" title=\"Consultant(e)s en lactation\">Consultant(e)s en lactation<\/a>,<\/li>\n<li>Associations de sp\u00e9cialistes et\/ou souvent supers mamans b\u00e9n\u00e9voles,<\/li>\n<li>Sages-femmes, infirmi\u00e8res, auxiliaires de pu\u00e9riculture\u2026<\/li>\n<li>Maternit\u00e9s,<\/li>\n<li><a href=\"https:\/\/vanillamilk.fr\/blog\/rachel-buffin-les-lactariums-et-le-don-de-lait-maternel\/\" target=\"_blank\" title=\"Lactariums\">Lactariums<\/a>,<\/li>\n<li>P\u00e9diatres form\u00e9s ou sensibilis\u00e9s \u00e0 l\u2019allaitement maternel,<\/li>\n<li>Ost\u00e9opathes ou <a href=\"https:\/\/vanillamilk.fr\/blog\/chiropraxie-et-allaitement-maternel\/\" target=\"_blank\" title=\"chiropracteurs\">chiropracteurs sp\u00e9cialis\u00e9s en p\u00e9diatrie<\/a>,<\/li>\n<li>\u2026<\/li>\n<\/ul>\n<h2>Avant tout un projet communautaire<\/h2>\n<p>Mais pour que ce projet ait la r\u00e9sonance et la port\u00e9e souhait\u00e9es, <strong>VanillaMilk a surtout besoin de vous !<\/strong><\/p>\n<p>En effet, il est important que chacun, chacune sache et prenne conscience qu\u2019il ou elle peut prendre part \u00e0 l\u2019aventure. Vos id\u00e9es, avis, commentaires, inscriptions futures,\u2026 sont tous les bienvenus, <strong>pour que ce projet qui vous est destin\u00e9 vous ressemble et vous rassemble.<\/strong><\/p>\n<p>Mais, en me lisant et en parlant de VanillaMilk autour de vous, vous faites d\u00e9j\u00e0 tellement pour moi. Rien que pour \u00e7a, je vous dis mille fois <strong>\u00ab Merciiiiiii \u00bb<\/strong> !<\/p>\n<p>Alors, je vous donne <strong>rendez-vous en octobre pour le lancement officiel de la plateforme<\/strong>. En attendant, je continuerai de partager mes aventures entrepreneuriales dans ce blog pour vous raconter l\u2019avanc\u00e9e et les coulisses du projet et pour le construire ensemble, d\u00e8s maintenant !<\/p>\n<p>Pr\u00eat(e)s ?<\/p>\n","protected":false},"excerpt":{"rendered":"<p>Un site, une carte mais aussi tellement plus !&#8230;<\/p>\n","protected":false},"author":2,"featured_media":485,"comment_status":"open","ping_status":"open","sticky":false,"template":"","format":"standard","meta":{"_acf_changed":false,"_et_pb_use_builder":"off","_et_pb_old_content":"","_et_gb_content_width":"","footnotes":""},"categories":[60],"tags":[],"class_list":["post-383","post","type-post","status-publish","format-standard","has-post-thumbnail","hentry","category-les-origines-de-vanillamilk"],"acf":[],"_links":{"self":[{"href":"https:\/\/vanillamilk.fr\/blog\/wp-json\/wp\/v2\/posts\/383","targetHints":{"allow":["GET"]}}],"collection":[{"href":"https:\/\/vanillamilk.fr\/blog\/wp-json\/wp\/v2\/posts"}],"about":[{"href":"https:\/\/vanillamilk.fr\/blog\/wp-json\/wp\/v2\/types\/post"}],"author":[{"embeddable":true,"href":"https:\/\/vanillamilk.fr\/blog\/wp-json\/wp\/v2\/users\/2"}],"replies":[{"embeddable":true,"href":"https:\/\/vanillamilk.fr\/blog\/wp-json\/wp\/v2\/comments?post=383"}],"version-history":[{"count":23,"href":"https:\/\/vanillamilk.fr\/blog\/wp-json\/wp\/v2\/posts\/383\/revisions"}],"predecessor-version":[{"id":12828,"href":"https:\/\/vanillamilk.fr\/blog\/wp-json\/wp\/v2\/posts\/383\/revisions\/12828"}],"wp:featuredmedia":[{"embeddable":true,"href":"https:\/\/vanillamilk.fr\/blog\/wp-json\/wp\/v2\/media\/485"}],"wp:attachment":[{"href":"https:\/\/vanillamilk.fr\/blog\/wp-json\/wp\/v2\/media?parent=383"}],"wp:term":[{"taxonomy":"category","embeddable":true,"href":"https:\/\/vanillamilk.fr\/blog\/wp-json\/wp\/v2\/categories?post=383"},{"taxonomy":"post_tag","embeddable":true,"href":"https:\/\/vanillamilk.fr\/blog\/wp-json\/wp\/v2\/tags?post=383"}],"curies":[{"name":"wp","href":"https:\/\/api.w.org\/{rel}","templated":true}]}}