{"id":515,"date":"2019-09-06T12:00:32","date_gmt":"2019-09-06T10:00:32","guid":{"rendered":"https:\/\/vanillamilk.fr\/blog\/?p=515"},"modified":"2025-11-18T17:11:55","modified_gmt":"2025-11-18T16:11:55","slug":"bien-plus-que-juste-un-site-sur-l-allaitement-maternel","status":"publish","type":"post","link":"https:\/\/vanillamilk.fr\/blog\/bien-plus-que-juste-un-site-sur-l-allaitement-maternel\/","title":{"rendered":"Bien plus que juste un site sur l&rsquo;allaitement maternel"},"content":{"rendered":"<h5>Nous sommes aujourd\u2019hui en f\u00e9vrier 2019, je continue de semer mes graines\u2026 Nous sommes sur le point de passer un <strong>cap important<\/strong> (dont je vous parle <a href=\"https:\/\/vanillamilk.fr\/blog\/pourquoi-minscrire-alors-que-je-suis-deja-referencee-sur-dautres-sites\/\" target=\"_blank\" title=\"Article de blog VanillaMilk\">dans le prochain article<\/a>).<\/p>\n<p>Aussi, pour recharger les batteries, il est l\u2019heure de <strong>faire un bilan<\/strong>, un retour en arri\u00e8re, une petite analyse en essayant d\u2019\u00eatre la plus objective possible.<\/h5>\n<h2>Pour nous sentir fi\u00e8res et prendre conscience du chemin parcouru<\/h2>\n<p>Aujourd\u2019hui, voil\u00e0 donc :<\/p>\n<ul>\n<li>Plus de 3 ans que <strong>je pr\u00e9pare mon projet<\/strong> et que j\u2019analyse le monde de l\u2019allaitement maternel,<\/li>\n<li>Presqu\u20191 an et demi que <strong>j\u2019ai quitt\u00e9 mon emploi<\/strong>,<\/li>\n<li>10 mois que <strong>Laurie<\/strong> (dont je vous parle <a href=\"https:\/\/vanillamilk.fr\/blog\/notre-questionnaire-sur-lallaitement-maternel-la-petite-graine-du-projet\/\" target=\"_blank\" title=\"Article de blog VanillaMilk\">ici<\/a>) me soutient et m\u2019apporte son expertise,<\/li>\n<li>9 mois que <strong>mon entreprise (MaeLittleOne) est cr\u00e9\u00e9e<\/strong>,<\/li>\n<li>8 mois que la marque <strong>VanillaMilk<\/strong> est n\u00e9e,<\/li>\n<li>4 mois que <strong>le site est en ligne<\/strong>.<\/li>\n<\/ul>\n<h2>La naissance d\u2019une belle communaut\u00e9 engag\u00e9e, curieuse et souhaitant nous aider<\/h2>\n<p>Et VanillaMilk, c\u2019est aujourd\u2019hui :<\/p>\n<ul>\n<li>Une <strong>petite \u00e9quipe aux comp\u00e9tences et r\u00e9seaux compl\u00e9mentaires<\/strong> qui font se r\u00e9unir (et se parler) les mondes de l\u2019entreprise, du web et de la sant\u00e9<\/li>\n<li>Un projet <strong>financ\u00e9 exclusivement en fonds propres !<\/strong> Je ne souhaite pas parler ici d\u2019argent mais ma famille et mon mari ne cessent de me r\u00e9p\u00e9ter qu\u2019il faut que les gens prennent conscience du fait que plusieurs dizaines de milliers d\u2019euros ont \u00e9t\u00e9 investies. Alors voil\u00e0, c\u2019est dit !<\/li>\n<li>Un <strong>positionnement innovant, r\u00e9fl\u00e9chi et assum\u00e9<\/strong> dans le paysage de l\u2019allaitement maternel<br \/>\nDes dizaines d\u2019articles et de rapports analys\u00e9s et 3 questionnaires auxquels ont r\u00e9pondu des milliers de mamans (oui, oui !)<\/li>\n<li>Un <strong>logo et une identit\u00e9 visuelle<\/strong> qui nous ressemblent et dont nous sommes fi\u00e8res<br \/>\nUne petite mascotte Essie qui apporte de la fra\u00eecheur et du p\u00e9tillant au projet<\/li>\n<li>Un <strong>magnifique site internet<\/strong> :<br \/>\n&#8211; Imagin\u00e9 avec l\u2019aide d\u2019une graphiste\/directrice artistique experte en UX \/ ergonomie web dont je vous parlais ici<br \/>\n&#8211; Con\u00e7u de toutes pi\u00e8ces (en \u00ab code pur \u00bb) par un talentueux d\u00e9veloppeur web* (Rendons \u00e0 C\u00e9sar ce qui est \u00e0 C\u00e9sar : il ne s\u2019agit pas d\u2019un \u00ab simple \u00bb WordPress ou Wix avec une \u00ab simple \u00bb carte GoogleMaps\u2026)<br \/>\n&#8211; Aux fonctionnalit\u00e9s avanc\u00e9es: une carte g\u00e9olocalis\u00e9e, personnalis\u00e9e et performante, une interface de connexion s\u00e9curis\u00e9e, le \u00ab beez \u00bb (la mise en relation \u00ab anonyme \u00bb entre mamans), un syst\u00e8me de paiement int\u00e9gr\u00e9 et enti\u00e8rement s\u00e9curis\u00e9 (Stripe)\u2026<\/li>\n<li>Un <strong>investissement financier et personnel<\/strong> pour chacune dans un parcours de cr\u00e9ation de mon entreprise et le Dipl\u00f4me Universitaire en Allaitement Maternel de Marseille,<\/li>\n<li>La <strong>pr\u00e9sentation du projet<\/strong> devant l\u2019Agence R\u00e9gionale de la Sant\u00e9 Rh\u00f4ne-Alpes-Auvergne, les lactariums de France, des professionnels de sant\u00e9, des associations\u2026 mais aussi des chefs d\u2019entreprise, des banquiers\u2026,<\/li>\n<li>Tr\u00e8s prochainement, le lancement d\u2019un <strong>plan de communication ambitieux <\/strong>et la sollicitation de la presse locale et nationale,<\/li>\n<li>Des initiatives, des collaborations et de <strong>belles surprises \u00e0 venir <\/strong>(faites-nous confiance, on ne manque pas d\u2019id\u00e9es) !<\/li>\n<\/ul>\n<h2>VanillaMilk, c\u2019est surtout une nouvelle vie et beaucoup de bienveillance !<\/h2>\n<p>Enfin, VanillaMilk, \u00e0 ce jour, c\u2019est aussi et surtout :<\/p>\n<ul>\n<li>La naissance d\u2019une <strong>belle communaut\u00e9 engag\u00e9e<\/strong>, curieuse et souhaitant nous aider avec :<br \/>\n&#8211; Plus de 520 mamans inscrites sur le site<br \/>\n&#8211; Plus de 1 700 personnes inscrites \u00e0 notre newsletter<br \/>\n&#8211; Plus de 500 abonn\u00e9(e)s \u00e0 notre compte Instagram et plus de 300 \u00e0 notre page Facebook<br \/>\n&#8211; Un groupe priv\u00e9 Facebook qui rassemblent les entrepreneur(e)s Motiv\u00e9(e)s de l\u2019Allaitement Maternel (MAMs)<\/li>\n<li>Tous les matins, un r\u00e9veil qui sonne \u00e0 6h, un emploi du temps de ministr\u2026 euh\u2026 de mompreneure, un retour au lit apr\u00e8s 23h\u2026<\/li>\n<li>Des <strong>heures et des heures de travail<\/strong>, de formation, de discussion, de brainstorming, de remise en question\u2026<\/li>\n<li>De merveilleuses <strong>rencontres, \u00e9changes, apprentissages, p\u00e9riodes de doute, de stress, de joie, d\u2019excitation\u2026<\/strong><\/li>\n<li>Des emails et des messages priv\u00e9s re\u00e7us tous les jours pour nous t\u00e9moigner du soutien et de la sympathie : <strong>merci !<\/strong><\/li>\n<li>L\u2019\u00e9coute, la disponibilit\u00e9 et les <strong>conseils experts<\/strong> d\u2019amis proches et bienveillants,<\/li>\n<li>La <strong>compr\u00e9hension et la confiance <\/strong>de ma famille,<\/li>\n<li>Un <strong>soutien inconditionnel<\/strong> et de la fiert\u00e9 dans les yeux de mon mari,<\/li>\n<li>L\u2019admiration inestimable de ma fille de 6 ans qui parle de sa maman, de son projet VanillaMilk, d\u2019Essie et des mamans qui allaitent \u00e0 ses copines d\u2019\u00e9cole,<\/li>\n<li>Un projet qui me porte et qui fait mon <strong>\u00e9panouissement<\/strong> au quotidien !<\/li>\n<\/ul>\n<h2>Mon principal challenge : apprendre \u00e0 laisser le temps au temps et laisser m\u00fbrir le projet<\/h2>\n<p>Alors, aujourd\u2019hui, <strong>je ne vis pas encore de VanillaMilk<\/strong>. Mais, <strong>je ne regrette absolument rien<\/strong>.<\/p>\n<p>Certes, j\u2019ai toujours l\u2019ambition de <strong>faire grandir ce projet<\/strong>, de lui trouver un <strong>mod\u00e8le \u00e9conomique<\/strong> qui convient \u00e0 chacun et qui ne fait pas (plus) d\u00e9bat. Il faut juste que j\u2019accepte l\u2019id\u00e9e que cela prend du temps, plus de temps qu\u2019aucun autre projet entrepreneurial.<\/p>\n<p>En effet, avec Laurie, durant les derniers mois nous avons surtout souhait\u00e9 \u00ab <strong>montrer patte blanche<\/strong> \u00bb, nous pr\u00e9senter telles que nous sommes, expliquer notre d\u00e9marche, <strong>prouver que nous ne souhaitons prendre la place de personne mais simplement venir en compl\u00e9ment de ce qui est d\u00e9j\u00e0 fait<\/strong>. Nous avons une r\u00e9elle ambition mais nous avons pour principe permanent de ne pas faire les choses n\u2019importe comment.<\/p>\n<p>Ainsi, nous consultons, nous \u00e9changeons, nous proposons, nous testons, nous avan\u00e7ons\u2026 et ce, toujours <strong>dans le seul but d\u2019aider, d\u2019accompagner et de cr\u00e9er du lien autour des mamans allaitantes !<\/strong><\/p>\n","protected":false},"excerpt":{"rendered":"<p>Savez-vous vraiment tout ce que VanillaMilk met \u00e0 votre disposition ?<\/p>\n","protected":false},"author":2,"featured_media":542,"comment_status":"open","ping_status":"open","sticky":false,"template":"","format":"standard","meta":{"_acf_changed":false,"_et_pb_use_builder":"off","_et_pb_old_content":"","_et_gb_content_width":"","footnotes":""},"categories":[60],"tags":[],"class_list":["post-515","post","type-post","status-publish","format-standard","has-post-thumbnail","hentry","category-les-origines-de-vanillamilk"],"acf":[],"_links":{"self":[{"href":"https:\/\/vanillamilk.fr\/blog\/wp-json\/wp\/v2\/posts\/515","targetHints":{"allow":["GET"]}}],"collection":[{"href":"https:\/\/vanillamilk.fr\/blog\/wp-json\/wp\/v2\/posts"}],"about":[{"href":"https:\/\/vanillamilk.fr\/blog\/wp-json\/wp\/v2\/types\/post"}],"author":[{"embeddable":true,"href":"https:\/\/vanillamilk.fr\/blog\/wp-json\/wp\/v2\/users\/2"}],"replies":[{"embeddable":true,"href":"https:\/\/vanillamilk.fr\/blog\/wp-json\/wp\/v2\/comments?post=515"}],"version-history":[{"count":24,"href":"https:\/\/vanillamilk.fr\/blog\/wp-json\/wp\/v2\/posts\/515\/revisions"}],"predecessor-version":[{"id":12852,"href":"https:\/\/vanillamilk.fr\/blog\/wp-json\/wp\/v2\/posts\/515\/revisions\/12852"}],"wp:featuredmedia":[{"embeddable":true,"href":"https:\/\/vanillamilk.fr\/blog\/wp-json\/wp\/v2\/media\/542"}],"wp:attachment":[{"href":"https:\/\/vanillamilk.fr\/blog\/wp-json\/wp\/v2\/media?parent=515"}],"wp:term":[{"taxonomy":"category","embeddable":true,"href":"https:\/\/vanillamilk.fr\/blog\/wp-json\/wp\/v2\/categories?post=515"},{"taxonomy":"post_tag","embeddable":true,"href":"https:\/\/vanillamilk.fr\/blog\/wp-json\/wp\/v2\/tags?post=515"}],"curies":[{"name":"wp","href":"https:\/\/api.w.org\/{rel}","templated":true}]}}