{"id":5218,"date":"2022-06-02T10:00:56","date_gmt":"2022-06-02T08:00:56","guid":{"rendered":"https:\/\/vanillamilk.fr\/blog\/?p=5218"},"modified":"2025-10-28T12:01:18","modified_gmt":"2025-10-28T11:01:18","slug":"idees-recues-sur-lallaitement","status":"publish","type":"post","link":"https:\/\/vanillamilk.fr\/blog\/idees-recues-sur-lallaitement\/","title":{"rendered":"10 id\u00e9es re\u00e7ues sur l&rsquo;allaitement"},"content":{"rendered":"<h5>Des id\u00e9es re\u00e7ues sur l\u2019allaitement maternel, <strong>il en existe malheureusement des dizaines<\/strong>. Et en tant que future ou jeune maman, il est parfois difficile de s\u2019y retrouver et de savoir <strong>d\u00e9m\u00ealer le vrai du faux<\/strong>.<\/p>\n<p>Pour vous aider \u00e0 y voir plus clair et vous permettre un acc\u00e8s simplifi\u00e9 aux bonnes informations, nous r\u00e9pondons aujourd\u2019hui aux <strong>10 principales id\u00e9es re\u00e7ues sur l\u2019allaitement maternel<\/strong>.<\/h5>\n<div class=\"sommaire\"  id=\"sommaire\">\n<h4 class=\"sommaire-titre\">SOMMAIRE<\/h4>\n<ul>\n<li><a href=\"#allaitement-epuisant\">1 &#8211; L&rsquo;allaitement est \u00e9puisant<\/a><\/li>\n<li><a href=\"#reprise-du-travail-et-allaitement\">2 &#8211; La reprise du travail est compliqu\u00e9e<\/a><\/li>\n<li><a href=\"#allaiter-fait-mal\">3 &#8211; L\u2019allaitement fait mal<\/a><\/li>\n<li><a href=\"#allaitement-petite-poitrine\">4 &#8211; Il est difficile d\u2019allaiter avec une petite poitrine<\/a><\/li>\n<li><a href=\"#allaitement-inne\">5 &#8211; L\u2019allaitement est inn\u00e9<\/a><\/li>\n<li><a href=\"#allaiter-abime-les-seins\">6 &#8211; Allaiter ab\u00eeme les seins<\/a><\/li>\n<li><a href=\"#allaitement-et-papa\">7 &#8211; L\u2019allaitement exclut le papa<\/a><\/li>\n<li><a href=\"#aliments-interdits-allaitement\">8 &#8211; De nombreux aliments sont interdits quand on allaite<\/a><\/li>\n<li><a href=\"#lait-maternel-nourrissant\">9 &#8211; Le lait n\u2019est parfois pas assez nourrissant<\/a><\/li>\n<li><a href=\"#medicaments-et-allaitement\">10 &#8211; La prise de m\u00e9dicaments est incompatible avec l\u2019allaitement<\/a><\/li>\n<\/ul>\n<\/div>\n<h2 class=\"ancre\" id=\"allaitement-epuisant\">Id\u00e9e re\u00e7ue n\u00b01 : L&rsquo;allaitement est \u00e9puisant<\/h2>\n<p>C\u2019est l\u2019une des id\u00e9es re\u00e7ues que l\u2019on entend le plus fr\u00e9quemment. Une maman allaitante serait bien plus fatigu\u00e9e qu\u2019une maman non allaitante.<\/p>\n<p>Mais tr\u00e8s honn\u00eatement, quand on y pense, plut\u00f4t que de se r\u00e9fugier derri\u00e8re l\u2019id\u00e9e que c\u2019est l\u2019allaitement qui serait responsable de la bonne ou mauvaise forme de la jeune maman, <strong>ne serait-ce pas plut\u00f4t le fait de devenir maman tout court ?<\/strong> <\/p>\n<p>Nouvelle vie, nouveau rythme, nouvelle organisation et accessoirement un besoin de r\u00e9cup\u00e9rer apr\u00e8s une grossesse (plus ou moins facile) et surtout un accouchement (lui aussi plus ou moins long et facile), pas mal de changements physiologiques, hormonaux et \u00e9motionnels \u00e0 encaisser, de nouvelles responsabilit\u00e9s\u2026 bref, <strong>la maternit\u00e9 n\u2019est pas de tout repos pour une jeune maman !<\/strong> M\u00eame le papa peut en t\u00e9moigner.<\/p>\n<p>Et, parmi toutes celles que suppose une maternit\u00e9, l\u2019allaitement est <strong>une nouvelle pratique<\/strong> qu\u2019il faut apprendre et pour laquelle <strong>il faut savoir trouver son rythme<\/strong>.<\/p>\n<p><strong>Notre meilleur conseil<\/strong> : avant tout, <strong>l\u00e2cher prise et accepter<\/strong> que cette nouvelle vie ne va pas se mettre en place d\u2019elle-m\u00eame en quelques heures. Vous faites de votre mieux, d\u00e9sormais \u00e0 trois (ou plus) et <strong>c\u2019est d\u00e9j\u00e0 super !<\/strong><\/p>\n<p>Ensuite, bien-s\u00fbr, nous ne pouvons que vous recommander de <strong>bien pr\u00e9parer votre allaitement<\/strong>, sa nouvelle logistique, ne pas h\u00e9siter \u00e0 <strong>demander de l\u2019aide<\/strong> (\u00e0 votre partenaire, votre famille, vos ami(e)s et bien s\u00fbr <a href=\"https:\/\/vanillamilk.fr\/map.php\" target=\"_blank\" title=\"Carte VanillaMilk\">des professionnels qualifi\u00e9s<\/a>) et peut-\u00eatre consid\u00e9rer le cododo !<\/p>\n<div class=\"retour-sommaire\"><a href=\"#sommaire\">Retour au sommaire<\/a><\/div>\n<h2 class=\"ancre\" id=\"reprise-du-travail-et-allaitement\">Id\u00e9e re\u00e7ue n\u00b02 : La reprise du travail est compliqu\u00e9e<\/h2>\n<p>Dans 90% des cas (selon le m\u00e9tier et le domaine d\u2019activit\u00e9 dans lequel travaille la maman), <strong>allaiter et travailler, c\u2019est possible !<\/strong><\/p>\n<p>Le probl\u00e8me c\u2019est souvent que ni la maman, ni l\u2019employeur n\u2019est v\u00e9ritablement au courant de ce qu\u2019il est possible de mettre en place pour <strong>faciliter le <a href=\"https:\/\/vanillamilk.fr\/dico-allaitement.php#tireallaitement\" target=\"_blank\" title=\"tire-allaitement\">tire-allaitement<\/a> sur le lieu de travail<\/strong>.<\/p>\n<p>Alors, comme pour tout, l\u2019important est de <strong>pr\u00e9parer cette p\u00e9riode le plus t\u00f4t possible<\/strong> : vous informer, vous renseigner aupr\u00e8s de vos coll\u00e8gues et de votre employeur, l\u2019informer de son devoir relatif au <a href=\"https:\/\/www.service-public.gouv.fr\/particuliers\/vosdroits\/F1769\" rel=\"noopener noreferrer\" target=\"_blank\" title=\"Droit du Travail et allaitement\">Droit du Travail<\/a>, \u00e9changer avec d\u2019autres mamans, consulter un professionnel form\u00e9 en allaitement, conna\u00eetre le mat\u00e9riel \u00e0 pr\u00e9voir\u2026<\/p>\n<p>Encore une fois, <strong>la reprise et la logistique \u00e0 mettre en place seront plus ou moins faciles selon votre travail et votre entreprise<\/strong>. Mais, dans la plupart des cas, et souvent avec de la motivation et de bons conseils, allaiter et travailler ne seront pas un obstacle pour vous.<\/p>\n<div class=\"retour-sommaire\"><a href=\"#sommaire\">Retour au sommaire<\/a><\/div>\n<h2 class=\"ancre\" id=\"allaiter-fait-mal\">Id\u00e9e re\u00e7ue n\u00b03 : L\u2019allaitement fait mal<\/h2>\n<p>On ne va pas se mentir, <strong>certaines \u00e9tapes incontournables d\u2019un allaitement ne sont pas tr\u00e8s agr\u00e9ables<\/strong> (<a href=\"https:\/\/vanillamilk.fr\/dico-allaitement.php#monteedelait\" target=\"_blank\" title=\"mont\u00e9e de lait\">mont\u00e9e de lait<\/a>, sur-sollicitation de vos t\u00e9tons les premiers jours, premi\u00e8res dents de b\u00e9b\u00e9, sieste qui s\u2019\u00e9ternise et tension dans la poitrine\u2026).<\/p>\n<p>En revanche, si vous \u00eates <strong>bien inform\u00e9e et <a href=\"https:\/\/vanillamilk.fr\/blog\/allaitement-maternel-qui-peut-conseiller-les-mamans\/\" target=\"_blank\" title=\"professionnels allaitement\">accompagn\u00e9e d\u00e8s la grossesse<\/a><\/strong>, que votre b\u00e9b\u00e9 est <strong>bien positionn\u00e9, qu\u2019il ouvre grand la bouche et prend correctement le sein\u2026<\/strong>, votre allaitement <strong>ne doit pas \u00eatre douloureux<\/strong>.<\/p>\n<p>Alors, au moindre doute, ne laissez pas un petit probl\u00e8me en devenir un gros. <strong>N\u2019attendez pas et <a href=\"https:\/\/vanillamilk.fr\/appli\/teleconsultation-allaitement.php\" target=\"_blank\" title=\"T\u00e9l\u00e9consultation allaitement\">consultez tout de suite un professionnel de l\u2019allaitement<\/a><\/strong>. Il saura vous guider pour pr\u00e9server la qualit\u00e9 de votre allaitement et faire en sorte que celui-ci reste <strong>un vrai plaisir pour vous comme pour b\u00e9b\u00e9<\/strong>.<\/p>\n<div class=\"retour-sommaire\"><a href=\"#sommaire\">Retour au sommaire<\/a><\/div>\n<h2 class=\"ancre\" id=\"allaitement-petite-poitrine\">Id\u00e9e re\u00e7ue n\u00b04 : Il est difficile d\u2019allaiter avec une petite poitrine<\/h2>\n<p>La diff\u00e9rence de taille entre les grosses et les petites poitrines s\u2019explique par :<\/p>\n<ul>\n<li>Une glande mammaire plus ou moins g\u00e9n\u00e9reuse<\/li>\n<li>Et la pr\u00e9sence de graisse (en petite ou grande quantit\u00e9) dans les seins<\/li>\n<\/ul>\n<p>Ce qu\u2019il faut savoir c\u2019est que l\u2019important pour pouvoir allaiter, c\u2019est d\u2019<strong>avoir une glande mammaire fonctionnelle, peu importe sa taille<\/strong>.<\/p>\n<p>Donc, rassurez-vous, les \u00e9tudes en attestent : <strong>les femmes avec de petits seins peuvent produire autant de lait que les autres<\/strong> sur une journ\u00e9e et donc tout \u00e0 fait allaiter leur b\u00e9b\u00e9 !<\/p>\n<div class=\"et-box et-download\">\n<div class=\"et-box-content\"><strong>BON \u00c0 SAVOIR !<\/strong><br \/>\nRare exception : les femmes qui pr\u00e9sentent une hypoplasie de la glande mammaire (\u00e0 savoir une insuffisance de tissu glandulaire). Cela ne les emp\u00eache pas d\u2019allaiter pour autant m\u00eame si certaines ne parviendront jamais \u00e0 nourrir exclusivement leur b\u00e9b\u00e9 avec leur lait.<\/p>\n<p>Si vous pensez que \u00e7a peut \u00eatre votre cas, nous vous conseillons de vous rapprocher d\u2019un <a href=\"https:\/\/vanillamilk.fr\/map.php\" target=\"_blank\" title=\"Carte VanillaMilk\">professionnel Expert en allaitement<\/a>.\n<\/div>\n<\/div>\n<div class=\"retour-sommaire\"><a href=\"#sommaire\">Retour au sommaire<\/a><\/div>\n<h2 class=\"ancre\" id=\"allaitement-inne\">Id\u00e9e re\u00e7ue n\u00b05 : L&rsquo;allaitement est inn\u00e9<\/h2>\n<p>Certes, <strong>allaiter est un acte naturel mais il n\u2019est pas forc\u00e9ment inn\u00e9<\/strong>. Il demande de la pr\u00e9paration et surtout de l\u2019apprentissage, pour vous comme pour votre b\u00e9b\u00e9. <\/p>\n<p>Traditionnellement, c\u2019est en observant les femmes qui allaitent que les jeunes filles pourront apprendre \u00e0 reproduire les m\u00eames gestes. Dans notre soci\u00e9t\u00e9, o\u00f9 la culture du biberon est encore dominante et o\u00f9 l\u2019allaitement est un acte souvent peu visible voire cach\u00e9, <strong>les jeunes mamans n\u2019ont que tr\u00e8s rarement vu \u00ab de pr\u00e8s \u00bb une autre m\u00e8re donner le sein<\/strong>.<\/p>\n<p>Mais, si vous n\u2019avez pas eu la chance d\u2019assister \u00e0 des t\u00e9t\u00e9es, <strong>ne vous inqui\u00e9tez pas !<\/strong> En ayant confiance en vous et en vos capacit\u00e9s, en vous informant un minimum, en faisant appel aux personnes comp\u00e9tentes, vous arriverez \u00e0 allaiter votre petit bout, c\u2019est s\u00fbr !<\/p>\n<p>Et pour \u00eatre certaine de recevoir de bons conseils, vous pouvez vous rapprocher d\u2019<strong>un professionnel de sant\u00e9 form\u00e9 en allaitement maternel<\/strong>. On en r\u00e9pertorie plus de 1400 en France sur <a href=\"https:\/\/vanillamilk.fr\/map.php\" target=\"_blank\" title=\"Carte VanillaMilk\">notre carte<\/a>. Il y en a forc\u00e9ment au moins un pr\u00e8s de chez vous.<\/p>\n<div class=\"retour-sommaire\"><a href=\"#sommaire\">Retour au sommaire<\/a><\/div>\n<h2 class=\"ancre\" id=\"allaiter-abime-les-seins\">Id\u00e9e re\u00e7ue n\u00b06 : Allaiter ab\u00eeme les seins<\/h2>\n<p>Plut\u00f4t que l\u2019allaitement, ce sont surtout <strong>la grossesse, l\u2019\u00e2ge ou m\u00eame le tabagisme<\/strong> qui sont des facteurs de risques li\u00e9s \u00e0 une diminution d\u2019\u00e9lasticit\u00e9 de la peau et notamment celle de la poitrine.<\/p>\n<p>Durant la grossesse, que l\u2019on souhaite allaiter ou pas son b\u00e9b\u00e9, il y a une <strong>accumulation de graisse<\/strong>, qui fond naturellement apr\u00e8s la naissance, ce qui r\u00e9duit in\u00e9vitablement la taille de la poitrine. Sans parler des <strong>variations rapides de volume<\/strong> dues par exemple \u00e0 la mont\u00e9e de lait, l\u00e0 aussi qu\u2019on le veuille ou non. <\/p>\n<p>Donc, sachez-le, <strong>l\u2019allaitement n\u2019ab\u00eeme pas les seins<\/strong>.<\/p>\n<p>En revanche, un allaitement qui se d\u00e9roule avec plusieurs p\u00e9rip\u00e9ties mal prises en charge : <a href=\"https:\/\/vanillamilk.fr\/dico-allaitement.php#engorgement\" target=\"_blank\" title=\"engorgement\">engorgements<\/a>, <a href=\"https:\/\/vanillamilk.fr\/dico-allaitement.php#mastite\" target=\"_blank\" title=\"mastite\">mastites<\/a>, abc\u00e8s, <a href=\"https:\/\/vanillamilk.fr\/dico-allaitement.php#mamelon\" target=\"_blank\" title=\"mamelon\">mamelons<\/a> s\u00e9v\u00e8rement bless\u00e9s, peut avoir <strong>quelques cons\u00e9quences esth\u00e9tiques sur la poitrine d\u2019une maman<\/strong>. D\u2019o\u00f9 l\u2019importance de la pr\u00e9paration et de l\u2019accompagnement.<\/p>\n<div class=\"et-box et-download\">\n<div class=\"et-box-content\"><strong>BON \u00c0 SAVOIR !<\/strong><br \/>\nPour pr\u00e9venir ou soigner d\u2019\u00e9ventuelles <a href=\"https:\/\/vanillamilk.fr\/dico-allaitement.php#crevasse\" target=\"_blank\" title=\"crevasse\">crevasses<\/a> ou ger\u00e7ures, notre meilleur conseil sera de recueillir apr\u00e8s chaque t\u00e9t\u00e9e une petite goutte de lait maternel et en enduire votre mamelon, au doigt ou en la laissant au creux d\u2019un <a href=\"https:\/\/vanillamilk.fr\/boutique\/produit\/coquillages-dallaitement\/\" target=\"_blank\" title=\"coquillage d\u2019allaitement\">coquillage d\u2019allaitement<\/a> que vous glisserez dans votre soutien-gorge par exemple.<\/p>\n<p>Gr\u00e2ce \u00e0 la m\u00e9thode de cicatrisation humide, vos mamelons resteront hydrat\u00e9s et, s\u2019ils sont endoloris, ils pourront gu\u00e9rir en un rien de temps, on vous le garantit !\n<\/p><\/div>\n<\/div>\n<div class=\"retour-sommaire\"><a href=\"#sommaire\">Retour au sommaire<\/a><\/div>\n<h2 class=\"ancre\" id=\"allaitement-et-papa\">Id\u00e9e re\u00e7ue n\u00b07 : L&rsquo;allaitement exclut le papa<\/h2>\n<p>On ne le dit pas assez mais <strong>le r\u00f4le du second parent est essentiel<\/strong>, que sa compagne allaite ou pas ! Il peut m\u00eame \u00eatre la cl\u00e9 d\u2019un allaitement r\u00e9ussi\u2026 ou non.<\/p>\n<p>En effet, la toute jeune maman <strong>aura besoin, d\u00e8s les premiers jours, de pouvoir compter sur son\/sa partenaire<\/strong> pour r\u00e9duire la pression qui p\u00e8se sur ses \u00e9paules, faciliter son nouveau quotidien, prendre le relais sur certaines \u00ab t\u00e2ches \u00bb avec b\u00e9b\u00e9 et <strong>surtout prendre confiance en elle !<\/strong><\/p>\n<p>Voici quelques exemples d\u2019actions que le papa (ou second parent) peut mettre en place :<\/p>\n<ul>\n<li><strong>Soutenir la maman dans ses choix, la valoriser et lui donner confiance<\/strong> en la rassurant sur sa capacit\u00e9 \u00e0 \u00eatre maman, \u00e0 produire assez de lait pour son b\u00e9b\u00e9 ;<\/li>\n<li><strong>Lui assurer un environnement confortable<\/strong> pour faciliter les t\u00e9t\u00e9es : coussins, couverture, verre d\u2019eau \u00e0 disposition ;<\/li>\n<li><strong>S\u2019informer et s\u2019int\u00e9resser \u00e0 l\u2019allaitement<\/strong> : l\u2019accompagner aux rendez-vous m\u00e9dicaux, poser des questions au personnel m\u00e9dical ;<\/li>\n<li><strong>Lui faire plaisir avec des petits mots doux, d\u2019encouragement ou avec de petites choses qui font toujours du bien<\/strong> (un bouquet de fleurs, du chocolat, un th\u00e9 chaud, des snacks gourmands\u2026) ;<\/li>\n<li><strong>Lib\u00e9rer sa charge mentale<\/strong> : lessives, courses, rangement de la maison\u2026<\/li>\n<\/ul>\n<div class=\"et-box et-download\">\n<div class=\"et-box-content\"><strong>\u00e0 lire !<\/strong><br \/>\nAviez-vous vu que nous avions d\u00e9di\u00e9 une section de notre blog au second-parent et \u00e0 l\u2019entourage des mamans ?<\/p>\n<p>Par exemple, retrouvez plus d\u2019id\u00e9es et d\u2019infos d\u00e9taill\u00e9es dans notre article <a href=\"https:\/\/vanillamilk.fr\/blog\/trouver-sa-place-en-tant-que-papa\/\" target=\"_blank\" title=\"Article de blog pour les papas\">\u00ab Allaitement maternel : 10 id\u00e9es pour trouver sa place en tant que papa (ou second parent) \u00bb<\/a>.\n<\/div>\n<\/div>\n<div class=\"retour-sommaire\"><a href=\"#sommaire\">Retour au sommaire<\/a><\/div>\n<h2 class=\"ancre\" id=\"aliments-interdits-allaitement\">Id\u00e9e re\u00e7ue n\u00b08 : De nombreux aliments sont interdits quand on allaite<\/h2>\n<p>Contrairement \u00e0 la grossesse, le fait d\u2019allaiter ne demande pas forc\u00e9ment un r\u00e9gime alimentaire particulier.<\/p>\n<p>Bien entendu, il est recommand\u00e9 d\u2019<strong>avoir une alimentation \u00e9quilibr\u00e9e et diversifi\u00e9e<\/strong>, comme \u00e0 n\u2019importe quelle \u00e9tape de sa vie.<\/p>\n<p>Une femme qui a un r\u00e9gime alimentaire d\u00e9s\u00e9quilibr\u00e9 sera plus sujette \u00e0 des exc\u00e8s de fatigue et \u00e0 un surpoids ou des carences. Pour autant, la nature \u00e9tant bien faite, <a href=\"https:\/\/vanillamilk.fr\/blog\/magie-du-lait-maternel\/\" target=\"_blank\" title=\"Article de blog sur les pouvoirs du lait maternel\">son lait sera toujours adapt\u00e9 aux besoins nutritionnels de son b\u00e9b\u00e9<\/a>.<\/p>\n<p>Si la m\u00e8re a des carences, <strong>son organisme fournira ce qui manque<\/strong> gr\u00e2ce aux r\u00e9serves constitu\u00e9es pendant la grossesse ou ant\u00e9rieurement\u2026 mais au d\u00e9triment de la maman. Il est donc important d\u2019\u00eatre vigilante et de ne pas faire de r\u00e9gime privatif pendant un allaitement.<\/p>\n<p>En revanche, <strong>l\u2019alcool et le caf\u00e9 fort sont plut\u00f4t d\u00e9conseill\u00e9s quand on allaite<\/strong> (notamment quand les t\u00e9t\u00e9es sont encore tr\u00e8s fr\u00e9quentes). Ils peuvent \u00eatre autoris\u00e9s mais dans des seuils raisonnables. Nous vous recommandons de demander conseil \u00e0 un sp\u00e9cialiste.<\/p>\n<div class=\"retour-sommaire\"><a href=\"#sommaire\">Retour au sommaire<\/a><\/div>\n<h2 class=\"ancre\" id=\"lait-maternel-nourrissant\">Id\u00e9e re\u00e7ue n\u00b09 : Le lait n&rsquo;est parfois pas assez nourrissant<\/h2>\n<p>Quoique l\u2019on puisse vous dire, ch\u00e8res mamans, votre lait maternel sera <strong>TOUJOURS parfaitement adapt\u00e9 aux besoins de votre enfant<\/strong>.<\/p>\n<p>Cependant, comme pour tout, il est possible d\u2019am\u00e9liorer sa qualit\u00e9 gr\u00e2ce \u00e0 une alimentation riche et vari\u00e9e. Pour cela, vous pouvez miser sur des aliments <strong>riches en fer, en calcium, en acides gras essentiels ou encore en vitamines<\/strong>. <\/p>\n<p>Si votre b\u00e9b\u00e9 ne prend pas assez de poids, ne remettez pas en cause la qualit\u00e9 de votre lait mais plut\u00f4t <strong>la quantit\u00e9 qui peut \u00eatre insuffisante<\/strong>.<\/p>\n<p>Peut-\u00eatre que b\u00e9b\u00e9 n\u2019arrive pas ou ne sait pas t\u00e9ter comme il le devrait, auquel cas <a href=\"https:\/\/vanillamilk.fr\/appli\/teleconsultation-allaitement.php\" target=\"_blank\" title=\"T\u00e9l\u00e9consultation allaitement\">faites appel \u00e0 un professionnel sp\u00e9cialiste<\/a>.<\/p>\n<p>Peut-\u00eatre que vous \u00eates dans un de ces fameux <a href=\"https:\/\/vanillamilk.fr\/dico-allaitement.php#croissance\" target=\"_blank\" title=\"pics de croissance\">pics de croissance ou jours de pointe<\/a>. La meilleure des solutions dans la plupart des cas et de <strong>\u00ab stimuler la demande \u00bb (et donc votre lactation) en mettant b\u00e9b\u00e9 le plus souvent au sein<\/strong>. En quelques jours, vous devriez constater une production plus importante et donc plus adapt\u00e9e aux besoins de b\u00e9b\u00e9.<\/p>\n<div class=\"retour-sommaire\"><a href=\"#sommaire\">Retour au sommaire<\/a><\/div>\n<h2 class=\"ancre\" id=\"medicaments-et-allaitement\">Id\u00e9e re\u00e7ue n\u00b010 : La prise de m\u00e9dicaments est incompatible avec l&rsquo;allaitement<\/h2>\n<p>Il est important de le savoir (voire m\u00eame de le dire \u00e0 certains m\u00e9decins non inform\u00e9s), <strong>de nombreux m\u00e9dicaments n\u2019ont aucun effet n\u00e9gatif pendant l\u2019allaitement<\/strong>.<\/p>\n<p>En effet, <strong>la plupart ne passe pas dans le lait maternel<\/strong> ou s\u2019y retrouve en quantit\u00e9s trop faibles pour avoir une incidence sur le b\u00e9b\u00e9. Certains sont m\u00eame inoffensifs pour nos petits bouts.<\/p>\n<p>Bon \u00e0 savoir : il existe aussi <strong>un large choix de solutions th\u00e9rapeutiques compatibles avec l\u2019allaitement<\/strong>.<\/p>\n<p>En cas de doutes, il existe des sites sp\u00e9cialis\u00e9s comme celui du <a href=\"https:\/\/www.lecrat.fr\/\" rel=\"noopener noreferrer\" target=\"_blank\" title=\"CRAT\"><strong>CRAT<\/strong><\/a> (Centre de Recherche des Agents T\u00e9ratog\u00e8nes) ou des lieux comme les <a href=\"https:\/\/ansm.sante.fr\/page\/liste-des-centres-regionaux-de-pharmacovigilance\" rel=\"noopener noreferrer\" target=\"_blank\" title=\"centres de pharmacovigilance\">centres de pharmacovigilance<\/a> qui peuvent vous informer (et rassurer) sur la compatibilit\u00e9 et les risques des m\u00e9dicaments, vaccins, traitements, radiations\u2026 pendant l\u2019allaitement.<\/p>\n<div class=\"retour-sommaire\"><a href=\"#sommaire\">Retour au sommaire<\/a><\/div>\n","protected":false},"excerpt":{"rendered":"<p>Pour aider les jeunes parents \u00e0 y voir plus clair et avoir acc\u00e8s aux bonnes informations.<\/p>\n","protected":false},"author":2,"featured_media":5540,"comment_status":"closed","ping_status":"open","sticky":false,"template":"","format":"standard","meta":{"_acf_changed":false,"_et_pb_use_builder":"off","_et_pb_old_content":"","_et_gb_content_width":"","footnotes":""},"categories":[192,218,183,217,197,201,199,200,196,142,195,146,193],"tags":[],"class_list":["post-5218","post","type-post","status-publish","format-standard","has-post-thumbnail","hentry","category-physiologie-bienfaits","category-famille-amis-allaitement","category-preparation-de-lallaitement","category-papa-second-parent-allaitement","category-retour-maison-allaitement","category-defis-lactation","category-defis-et-maux-allaitement","category-douleurs-inconforts-allaitement","category-premieres-tetees-maternite","category-entourage-allaitement","category-mise-en-route-premiers-jours","category-les-conseils-des-pros","category-preparer-projet-dallaitement"],"acf":[],"_links":{"self":[{"href":"https:\/\/vanillamilk.fr\/blog\/wp-json\/wp\/v2\/posts\/5218","targetHints":{"allow":["GET"]}}],"collection":[{"href":"https:\/\/vanillamilk.fr\/blog\/wp-json\/wp\/v2\/posts"}],"about":[{"href":"https:\/\/vanillamilk.fr\/blog\/wp-json\/wp\/v2\/types\/post"}],"author":[{"embeddable":true,"href":"https:\/\/vanillamilk.fr\/blog\/wp-json\/wp\/v2\/users\/2"}],"replies":[{"embeddable":true,"href":"https:\/\/vanillamilk.fr\/blog\/wp-json\/wp\/v2\/comments?post=5218"}],"version-history":[{"count":78,"href":"https:\/\/vanillamilk.fr\/blog\/wp-json\/wp\/v2\/posts\/5218\/revisions"}],"predecessor-version":[{"id":12706,"href":"https:\/\/vanillamilk.fr\/blog\/wp-json\/wp\/v2\/posts\/5218\/revisions\/12706"}],"wp:featuredmedia":[{"embeddable":true,"href":"https:\/\/vanillamilk.fr\/blog\/wp-json\/wp\/v2\/media\/5540"}],"wp:attachment":[{"href":"https:\/\/vanillamilk.fr\/blog\/wp-json\/wp\/v2\/media?parent=5218"}],"wp:term":[{"taxonomy":"category","embeddable":true,"href":"https:\/\/vanillamilk.fr\/blog\/wp-json\/wp\/v2\/categories?post=5218"},{"taxonomy":"post_tag","embeddable":true,"href":"https:\/\/vanillamilk.fr\/blog\/wp-json\/wp\/v2\/tags?post=5218"}],"curies":[{"name":"wp","href":"https:\/\/api.w.org\/{rel}","templated":true}]}}