{"id":7827,"date":"2023-03-16T09:00:57","date_gmt":"2023-03-16T08:00:57","guid":{"rendered":"https:\/\/vanillamilk.fr\/blog\/?p=7827"},"modified":"2025-09-09T18:06:28","modified_gmt":"2025-09-09T16:06:28","slug":"vetements-dallaitement-limky","status":"publish","type":"post","link":"https:\/\/vanillamilk.fr\/blog\/vetements-dallaitement-limky\/","title":{"rendered":"Limky, une marque de v\u00eatements d&rsquo;allaitement fran\u00e7aise, engag\u00e9e et ing\u00e9nieuse"},"content":{"rendered":"<h5>Depuis quelques ann\u00e9es, <strong>de nouvelles marques de v\u00eatements d\u2019allaitement<\/strong> font leur apparition sur notre territoire pour enfin <strong>\u00e9tayer les garde-robes de mamans allaitantes.<\/strong> C\u2019est le cas de <strong>la marque Limky<\/strong>, dont vient aujourd\u2019hui nous parler sa fondatrice, Doriane Troch.<\/p>\n<p>Vous d\u00e9couvrirez dans cet article les coulisses de son beau projet professionnel : <strong>comment sont imagin\u00e9s les mod\u00e8les<\/strong>, l\u2019importance accord\u00e9e \u00e0 <strong>la coupe et \u00e0 la qualit\u00e9 des produits<\/strong>, les syst\u00e8mes d\u2019ouverture hyper pratiques et <strong>adapt\u00e9s \u00e0 toutes les morphologies<\/strong> mais aussi un engagement social fort en faveur de l\u2019allaitement.<\/p>\n<p>Belle d\u00e9couverte !<\/h5>\n<div class=\"sommaire\"  id=\"sommaire\">\n<h4 class=\"sommaire-titre\">SOMMAIRE<\/h4>\n<ul>\n<li><a href=\"#doriane-troch\">Pr\u00e9sentation rapide de Doriane, fondatrice de Limky<\/a><\/li>\n<li><a href=\"#limky\">Limky en quelques mots<\/a><\/li>\n<li><a href=\"#engagement-limky\">Une marque engag\u00e9e<\/a><\/li>\n<li><a href=\"#distribution\">O\u00f9 trouver les produits Limky ?<\/a><\/li>\n<li><a href=\"#forces-limky\">Les forces de Limky<\/a><\/li>\n<li><a href=\"#choisir-vetement-allaitement\">A quoi doit-on faire  attention lorsqu\u2019on ach\u00e8te un v\u00eatement d\u2019allaitement ?<\/a><\/li>\n<\/ul>\n<\/div>\n<h2 class=\"ancre\" id=\"doriane-troch\">Bonjour Doriane et merci de nous accorder cette interview. Pour commencer, pourriez-vous vous pr\u00e9senter en quelques mots ?<\/h2>\n<p>Bonjour, je m\u2019appelle Doriane, j\u2019ai 34 ans. Je suis mari\u00e9e et <strong>maman de trois petites filles<\/strong> qui ont cinq, trois et un an. Originaire de La Baule, j\u2019habite actuellement dans le Pays de Gex.<\/p>\n<p>Je suis issue d\u2019une carri\u00e8re <strong>dans l\u2019industrie de la mode et du luxe<\/strong> et je m\u2019occupe \u00e0 plein temps de <strong>la marque Limky<\/strong> depuis l\u2019\u00e9t\u00e9 dernier. Avant, je menais le lancement de cette entreprise en parall\u00e8le de ma carri\u00e8re professionnelle en tant que salari\u00e9e, et bien-s\u00fbr, maman \u00e0 temps plein.<\/p>\n<div class=\"retour-sommaire\"><a href=\"#sommaire\">Retour au sommaire<\/a><\/div>\n<h2 class=\"ancre\" id=\"limky\">Alors, pr\u00e9sentez-nous un peu Limky !<\/h2>\n<p>Limky, c\u2019est une<strong> marque fran\u00e7aise de v\u00eatements d\u2019allaitement avec des ouvertures et des coupes modernes et f\u00e9minines. <\/strong>Nous proposons des hauts, des robes, des pulls et d\u2019autres v\u00eatements d\u2019allaitement confortables et pratiques pour r\u00e9pondre \u00e0 tous les besoins en mati\u00e8re d\u2019allaitement.<\/p>\n<p>Notre collection de v\u00eatements, qui allie <strong>confort et praticit\u00e9<\/strong>, est pens\u00e9e pour simplifier la routine d\u2019allaitement des mamans. Nos t-shirts, robes ou pulls sont con\u00e7us pour offrir <strong>un acc\u00e8s facile au sein tout en offrant un confort optimal<\/strong> pour les jeunes mamans et leur b\u00e9b\u00e9.<\/p>\n<p>Nos t-shirts d\u2019allaitement ainsi que nos robes pour allaiter sont <strong>100 % coton bio<\/strong>. Ils sont <strong>design\u00e9s en France<\/strong> avec deux mod\u00e9listes fran\u00e7aises, <a href=\"https:\/\/www.sharemycreat.com\/\" target=\"_blank\" rel=\"noopener noreferrer\" title=\"Share my Creat\">Share my Creat<\/a> et Sandrine de <a href=\"https:\/\/www.lhistoiredunerobe.fr\/album\/portez-vos-idees\/a-25\" target=\"_blank\" rel=\"noopener noreferrer\" title=\"Portez vos id\u00e9es !\">Portez vos id\u00e9es !<\/a>, pour fa\u00e7onner les patrons des pi\u00e8ces iconiques de notre collection allaitement.<\/p>\n<p>Nos sweats sont con\u00e7us dans un <strong>molleton hyper doux, compos\u00e9 \u00e0 50% coton bio recycl\u00e9 et 50 % PET recycl\u00e9<\/strong>, et nos pulls pour allaiter sont <strong>anti-t\u00e2che<\/strong>. Ce point est tr\u00e8s pr\u00e9cieux quand on allaite compte tenu des \u00e9ventuelles fuites de lait ou r\u00e9gurgitation de b\u00e9b\u00e9. Notre molleton du pull allaitement Limky <strong>s\u00e8che naturellement et en quelques minutes<\/strong> seulement sans faire de t\u00e2che ni de trace d\u2019aur\u00e9ole.<\/p>\n<div class=\"retour-sommaire\"><a href=\"#sommaire\">Retour au sommaire<\/a><\/div>\n<div class=\"et-box et-download\">\n<div class=\"et-box-content\"><strong>Bon plan<\/strong><br \/>\nLucie a le plaisir d&rsquo;offrir aux parents lecteurs de VanillaMilk une remise exclusive* de 10% valable sur toute <a href=\"https:\/\/limky.fr\/\" rel=\"noopener noreferrer sponsored\" target=\"_blank\">la boutique en ligne Limky<\/a>. Pour en profiter, il vous suffit d&rsquo;entrer le code \u00ab VANILLAMILK \u00bb dans votre panier.<\/p>\n<p><em>* Remise non cumulable avec d\u2019autres remises ou promotions.<\/em><br \/>\n<a class=\"button\" href=\"https:\/\/limky.fr\/\" rel=\"noopener noreferrer sponsored\" style=\"color: #ffffff !important;\" target=\"_blank\">Parcourir le site Limky<\/a>\n<\/div>\n<\/div>\n<h2>Les produits Limky sont-ils con\u00e7us en Europe ?<\/h2>\n<p>Aujourd\u2019hui, 90% de notre collection de v\u00eatements d\u2019allaitement est <strong>produite au Portugal<\/strong>. Seuls nos sweats sont <strong>100% fabrication fran\u00e7aise, du design \u00e0 la confection<\/strong>, en passant par le tissage de la mati\u00e8re premi\u00e8re.<\/p>\n<p>Toutes les usines avec lesquelles on travaille, que ce soit au Portugal et en France, sont <strong>certifi\u00e9es Oeko-Tex et GOTS<\/strong>. En revanche, il faut savoir qu\u2019il est n\u00e9cessaire de payer pour pouvoir communiquer sur ces certifications au niveau de nos produits. Nous avons donc fait le choix de r\u00e9duire nos co\u00fbts de certificats afin de proposer nos v\u00eatements d\u2019allaitement de m\u00eame <strong>qualit\u00e9 au prix le plus bas possible<\/strong>.<\/p>\n<p>Nos produits restent ainsi <strong>accessibles au plus grand nombre de mamans<\/strong> qui recherchent qualit\u00e9, confort et style pour leurs v\u00eatements d\u2019allaitement.<\/p>\n<div class=\"retour-sommaire\"><a href=\"#sommaire\">Retour au sommaire<\/a><\/div>\n<p><img decoding=\"async\" src=\"https:\/\/vanillamilk.fr\/blog\/wp-content\/uploads\/2021\/12\/Limky-1.jpg\" alt=\"V\u00eatement allaitement Limky\" class=\"img-responsive\" width=\"300\" height=\"300\" title=\"- -\"><\/p>\n<h2 class=\"ancre\" id=\"engagement-limky\">Et Limky semble aussi \u00eatre une marque engag\u00e9e\u2026<\/h2>\n<p>En effet, Limky est aussi une entreprise <strong>membre du collectif \u00ab 1 % Pour la Plan\u00e8te \u00bb<\/strong>. On reverse donc 1% de notre chiffre d\u2019affaires. Cet argent est ensuite redistribu\u00e9 \u00e0 des associations qui ont <strong>des missions humanitaires ou environnementales.<\/strong><\/p>\n<p>Et d\u2019ici la fin de l\u2019ann\u00e9e, nous devrions \u00e9galement <strong>membre de la CoFAM<\/strong>, la <a href=\"https:\/\/www.cofam-allaitement.org\/\" target=\"_blank\" rel=\"noopener noreferrer\" title=\"Site de la COFAM\">Coordination Fran\u00e7aise pour l\u2019Allaitement Maternel<\/a>. On reversera donc aussi une partie de notre chiffre d\u2019affaires pour soutenir leur mission.<\/p>\n<p>Enfin, avec Limky, en dehors d\u2019\u00eatre une marque de v\u00eatements d\u2019allaitement, on essaye au maximum, \u00e0 travers les r\u00e9seaux sociaux et \u00e0 travers notre blog, de <strong>fournir des articles et des informations de qualit\u00e9<\/strong>. Nos contenus sont syst\u00e9matiquement valid\u00e9s par des <a href=\"https:\/\/vanillamilk.fr\/blog\/consultante-en-lactation-ibclc\/\" target=\"_blank\" title=\"IBCLC\">consultantes en lactation IBCLC<\/a>, des sages-femmes, des auxiliaires de pu\u00e9riculture\u2026<\/p>\n<p>On souhaite fournir du contenu et de l\u2019information \u00e0 toutes les mamans et futures mamans, que ce soit sur des sujets de maternit\u00e9 globale ou vraiment focus sur l\u2019allaitement.<\/p>\n<div class=\"retour-sommaire\"><a href=\"#sommaire\">Retour au sommaire<\/a><\/div>\n<h2>Comment vous est venue cette chouette id\u00e9e de v\u00eatements d\u2019allaitement avec Limky ?<\/h2>\n<p><strong>Mon chemin vers la maternit\u00e9 n\u2019\u00e9tait vraiment pas inn\u00e9.<\/strong> J\u2019ai grandi avec une m\u00e8re qui ne nous donnait pas d\u2019affection, pas de c\u00e2lin ou quoi que ce soit. La tendresse, l\u2019amour maternel c\u2019est quelque chose que je n\u2019ai jamais vraiment v\u00e9cu dans mon enfance.<\/p>\n<p>Je me voyais donc tr\u00e8s mal en m\u00e8re de famille et encore moins en maman allaitante. Finalement, <strong>la vie produit quelques miracles<\/strong> car dans mon cas j\u2019ai eu 3 enfants !<\/p>\n<p>Quand j\u2019ai eu ma premi\u00e8re fille en avril 2018, je l\u2019ai allait\u00e9e jusqu\u2019\u00e0 quatre mois alors que ma m\u00e8re me rab\u00e2chait \u00e0 l\u2019\u00e9poque que <strong>j\u2019\u00e9tais esclave de mon enfant avec l\u2019allaitement maternel<\/strong>.<\/p>\n<p>Ce premier allaitement s\u2019est arr\u00eat\u00e9 brutalement. Et la premi\u00e8re chose que je me suis dite, c\u2019est <strong>\u00ab Cool ! Je vais enfin pouvoir remettre les fringues que j\u2019adore et dans lesquelles je me sens bien et jolie. \u00bb<\/strong>. Je me suis alors rendu compte que pendant ces 4 mois d\u2019allaitement, <strong>je n\u2019avais pas du tout r\u00e9ussi \u00e0 renouer avec ma f\u00e9minit\u00e9<\/strong>. Je camouflais mon corps post-partum sous des t-shirts larges ou des v\u00eatements mal coup\u00e9s et compliqu\u00e9s \u00e0 utiliser pour <strong>allaiter rapidement<\/strong>.<\/p>\n<p>De plus, quand j\u2019allaitais \u00e0 la maternit\u00e9, il y avait toute la famille qui passait me voir. J\u2019\u00e9tais toujours <strong>tr\u00e8s g\u00ean\u00e9e de devoir faire mes mises au sein devant tout le monde<\/strong>, m\u00eame mes proches. Et de ce fait, m\u00eame eux se sentaient un peu g\u00ean\u00e9s. Ils avaient l\u2019impression de ne pas \u00eatre au bon endroit, de perturber un peu mon apprentissage de l\u2019allaitement.<\/p>\n<p>Ce sont ces deux exp\u00e9riences qui ont fait que, quand j\u2019ai \u00e9t\u00e9 enceinte de ma deuxi\u00e8me fille, <strong>j\u2019ai voulu rem\u00e9dier \u00e0 ces probl\u00e8mes et ne pas les subir<\/strong>. Je tenais \u00e0 mettre toutes les chances de mon c\u00f4t\u00e9 pour que mon allaitement maternel se passe dans les meilleures conditions et qu\u2019il puisse ainsi durer plus longtemps.<\/p>\n<div class=\"retour-sommaire\"><a href=\"#sommaire\">Retour au sommaire<\/a><\/div>\n<h2>Et concr\u00e8tement, comment les imaginiez-vous ces v\u00eatements d\u2019allaitement id\u00e9aux ?<\/h2>\n<p>En fait, ce confort, cette praticit\u00e9, cette intimit\u00e9 de l\u2019allaitement maternel pouvaient trouver une r\u00e9ponse \u00e0 travers des v\u00eatements d\u2019allaitement.<\/p>\n<ul>\n<li><strong>Pratiques<\/strong> : Je ne voulais pas qu\u2019on ait besoin d\u2019une main pour soulever une couche de tissu puis de l\u2019autre pour soulever une autre couche et acc\u00e9der \u00e0 la poitrine alors que j\u2019avais toujours besoin d\u2019un de mes bras pour porter mon b\u00e9b\u00e9.<\/li>\n<li><strong>Produits localement<\/strong> et pas \u00ab Made in China \u00bb, dans le respect de mes valeurs, de ma peau et de celle de mon b\u00e9b\u00e9 gr\u00e2ce \u00e0 des mati\u00e8res organiques.<\/li>\n<li>Dans lesquels je puisse me sentir bien et belle pour <strong>renouer fi\u00e8rement avec ma f\u00e9minit\u00e9<\/strong>.<\/li>\n<li>Et qui me permettent de ne pas craindre les moments o\u00f9 j\u2019allais <strong>allaiter dans des lieux ext\u00e9rieurs<\/strong>. Je ne voulais surtout pas rester enferm\u00e9e chez moi pour allaiter tranquillement. J\u2019avais besoin de <strong>vivre, voir mes amis, la famille, voyager, sortir au restaurant, et tout cela avec mon b\u00e9b\u00e9<\/strong>. Je voulais pouvoir porter des v\u00eatements qui soutiennent mon allaitement et qui m\u2019aident \u00e0 franchir le cap de l\u2019allaitement dans les lieux publics, en ext\u00e9rieur ou m\u00eame en int\u00e9rieur, avec de la famille ou des amis. Je souhaitais que ni moi ni mon entourage ne soit g\u00ean\u00e9. Je voulais me sentir libre de mes mouvements pour vivre mon allaitement sereinement.<\/li>\n<\/ul>\n<p><strong>L\u2019id\u00e9e a \u00e9merg\u00e9 ainsi. La r\u00e9alisation est une autre histoire !<\/strong><\/p>\n<div class=\"retour-sommaire\"><a href=\"#sommaire\">Retour au sommaire<\/a><\/div>\n<h2>A-t-il \u00e9t\u00e9 facile de passer du r\u00eave \u00e0 la r\u00e9alit\u00e9 ?<\/h2>\n<p>Lorsque je me suis lanc\u00e9e dans ce projet, il a fallu trouver une usine. Et l\u00e0, \u00e7a a \u00e9t\u00e9 <strong>la grosse claque !<\/strong><\/p>\n<p>Toutes <strong>les usines me fermaient la porte au nez les unes apr\u00e8s les autres<\/strong>, car j\u2019avais des quantit\u00e9s de production bien trop faibles \u00e0 leurs yeux. Personne ne voulait se lancer dans un projet complexe, d\u2019autant plus en plein COVID.<\/p>\n<p>Lorsque j\u2019ai cherch\u00e9 des investisseurs, c\u2019\u00e9tait la m\u00eame chose, personne ne voulait se lancer dans une probl\u00e9matique qui ne concerne que les jeunes mamans. <strong>L\u2019allaitement n\u2019int\u00e9ressait clairement personne !<\/strong><\/p>\n<p>C\u2019est finalement une amie de longue date, qui a longtemps travaill\u00e9 dans la mode qui m\u2019a mise en relation <strong>avec une maman portugaise<\/strong>, qui travaillait dans une usine de textile, et qui a \u00e9t\u00e9 <strong>s\u00e9duite par l\u2019id\u00e9e<\/strong>. Elle a voulu m\u2019aider \u00e0 lancer ma premi\u00e8re production <strong>sur la base de mes seules \u00e9conomies<\/strong>.<\/p>\n<div class=\"retour-sommaire\"><a href=\"#sommaire\">Retour au sommaire<\/a><\/div>\n<h2>Est-ce que, avec Limky, vous proposez un syst\u00e8me d\u2019ouverture particulier ?<\/h2>\n<p>On propose m\u00eame deux syst\u00e8mes d\u2019ouverture :<\/p>\n<ul>\n<li><strong>Un premier syst\u00e8me d\u2019ouverture lat\u00e9rale<\/strong><\/li>\n<\/ul>\n<p>L\u2019ouverture de nos v\u00eatements pour allaiter n\u2019est pas sous l\u2019aisselle, mais vraiment lat\u00e9rale sur la face avant, proche du sein, avec des zips YKK (le top du zip puisqu\u2019ils sont renforc\u00e9s). Ceci afin d\u2019acc\u00e9der tr\u00e8s facilement au sein pour nourrir son b\u00e9b\u00e9.<\/p>\n<p>Depuis 2022, on travaille beaucoup moins avec les zips invisibles pour augmenter davantage la long\u00e9vit\u00e9 du v\u00eatement. Ce syst\u00e8me d\u2019ouverture est tr\u00e8s tendance en ce moment.<\/p>\n<p><img decoding=\"async\" src=\"https:\/\/vanillamilk.fr\/blog\/wp-content\/uploads\/2023\/03\/Limky-16-1.jpg\" alt=\"Ouverture 1 v\u00eatement Limky\" class=\"img-responsive\" width=\"300\" height=\"300\" title=\"- -\"><\/p>\n<ul>\n<li><strong>Et un deuxi\u00e8me syst\u00e8me d\u2019ouverture avec des boutons de pression au niveau de l\u2019\u00e9paule et une bande de couvrance sous le d\u00e9bardeur<\/strong><\/li>\n<\/ul>\n<p>C\u2019est un syst\u00e8me qui est vraiment propre aux robes d\u00e9bardeurs et aux tops d\u00e9bardeurs pour allaitement et qui plait beaucoup aux mamans adeptes du portage.<\/p>\n<p>En effet, quand on porte, il est toujours un peu d\u00e9licat d\u2019acc\u00e9der \u00e0 une ouverture lat\u00e9rale parce que b\u00e9b\u00e9 est g\u00e9n\u00e9ralement coll\u00e9 contre la poitrine et parce que l\u2019\u00e9charpe serre compl\u00e8tement, notamment sur les c\u00f4t\u00e9s. L\u2019ouverture avec le bouton pression sur l\u2019\u00e9paule permet un r\u00e9el acc\u00e8s direct \u00e0 la poitrine et donc une mise au sein du b\u00e9b\u00e9 plus facile.<\/p>\n<p>La bande de couvrance qui est pr\u00e9vue est invisible quand le top est ferm\u00e9 puisqu\u2019elle a la m\u00eame forme que le d\u00e9collet\u00e9. Quand le top est ouvert, cette bande permet \u00e0 la maman de garder sa poitrine toujours couverte.  Il est inutile de la repositionner. On a souhait\u00e9 que cette bande de couvrance puisse, de mani\u00e8re g\u00e9n\u00e9rale, couvrir la poitrine sans avoir l\u2019impression qu\u2019on ait ouvert le t-shirt et sans avoir \u00e0 soulever cette bande de couvrance pour acc\u00e9der aux mamelons.<\/p>\n<p><img decoding=\"async\" src=\"https:\/\/vanillamilk.fr\/blog\/wp-content\/uploads\/2023\/03\/Limky-14.jpg\" alt=\"Ouverture 2 v\u00eatement Limky\" class=\"img-responsive\" width=\"300\" height=\"300\" title=\"- -\"><\/p>\n<div class=\"retour-sommaire\"><a href=\"#sommaire\">Retour au sommaire<\/a><\/div>\n<h2>Chez Limky, quelles tailles proposez-vous ?<\/h2>\n<p>Selon les v\u00eatements, on va <strong>du XS jusqu\u2019au XXL<\/strong>.<\/p>\n<h2 class=\"ancre\" id=\"distribution\">O\u00f9 peut-on trouver les produits Limky ?<\/h2>\n<ul>\n<li><strong>En ligne<\/strong><\/li>\n<\/ul>\n<p>Aujourd\u2019hui, toute la collection Limky est disponible sur notre eShop <a href=\"https:\/\/limky.fr\/\" target=\"_blank\" rel=\"noopener noreferrer\" title=\"Site de Limky\">www.limky.fr<\/a> mais aussi sur le site de location <a href=\"https:\/\/www.lecloset.fr\/\" target=\"_blank\" rel=\"noopener noreferrer\" title=\"Site Le Closet\">Le Closet<\/a>. Nos produits sont ainsi accessibles pour les budgets moindres et\/ou pour les mamans adeptes de la seconde main. Les box propos\u00e9es sont financi\u00e8rement tr\u00e8s int\u00e9ressantes et cela permet de porter des produits Limky pendant un mois.<\/li>\n<\/ul>\n<ul>\n<li><strong>En boutiques physiques<\/strong><\/li>\n<\/ul>\n<p>Notre collection est aussi pr\u00e9sente depuis l\u2019\u00e9t\u00e9 2022 dans un r\u00e9seau de boutiques multimarques en France, au Royaume Uni en Suisse et enfin en Belgique.<\/p>\n<p>En France, on est par exemple pr\u00e9sents \u00e0 Paris chez \u00ab Firmaman \u00bb, qui est un concept store parisien pour la maternit\u00e9. A Lyon, on est aussi pr\u00e9sents dans \u00ab La chambre d\u2019Anna \u00bb. Enfin, il est aussi possible de nous trouver du c\u00f4t\u00e9 de Biarritz, \u00e0 Avignon, Grenoble et Dieppe.<\/p>\n<div class=\"retour-sommaire\"><a href=\"#sommaire\">Retour au sommaire<\/a><\/div>\n<h2>Il y a un vrai boom ces derni\u00e8res ann\u00e9es des marques ou collections de v\u00eatements d\u2019allaitement, comme Limky. Qu\u2019en pensez-vous ?<\/h2>\n<p>Je trouve que c\u2019est super chouette parce que l\u2019id\u00e9e de base, \u00e0 travers Limky, c\u2019est de pouvoir offrir <strong>plus de choix vestimentaires \u00e0 la maman allaitante<\/strong> pour qu\u2019elle puisse trouver son bonheur et ainsi <strong>se sentir belle et \u00e0 l\u2019aise quand elle allaite<\/strong>.<\/p>\n<p>Plus il y a de marques qui proposent des choses diff\u00e9rentes, plus les mamans ont le choix et la possibilit\u00e9 de trouver leur bonheur pour allaiter. <strong>Un facteur cl\u00e9 pour prot\u00e9ger et soutenir l\u2019allaitement maternel<\/strong> en France o\u00f9 de nombreuses mamans font d\u2019autres choix que celui de l\u2019allaitement d\u00fb au regard qu\u2019elles portent sur leur propre corps.<\/p>\n<div class=\"retour-sommaire\"><a href=\"#sommaire\">Retour au sommaire<\/a><\/div>\n<h2>Avec tant d\u2019acteurs diff\u00e9rents, pas facile de se distinguer et trouver sa place, si ?<\/h2>\n<p>Il faut <strong>travailler dur pour se faire connaitre<\/strong>. <\/p>\n<p>Mais, m\u00eame s\u2019il y a de plus en plus d\u2019acteurs, il y a quand m\u00eame de tr\u00e8s nombreuses mamans qui allaitent avec <strong>de nombreux styles diff\u00e9rents<\/strong>. Il y a celles qui sont plus casual, celles qui sont plus sport, celles qui sont plus chics, celles qui sont plus citadines\u2026 Il y a vraiment beaucoup de choix vestimentaires aujourd\u2019hui.<\/p>\n<p>Chez Limky, on va plut\u00f4t proposer un style un peu <strong>casual tendance chic<\/strong>, des v\u00eatements tendances avec des coupes f\u00e9minines. On arrive donc \u00e0 se diff\u00e9rencier par <strong>nos coupes, nos designs iconiques et nos jeux de mots qui sont fun et d\u00e9cal\u00e9<\/strong>. <\/p>\n<p>On va \u00e9galement se diff\u00e9rencier avec <strong>le positionnement et la coupe de nos ouvertures allaitement<\/strong> qui permettent aux mamans un acc\u00e8s simple et rapide pour la mise au sein de leur b\u00e9b\u00e9. <\/p>\n<p><strong>On ne souhaite pas avoir un discours militant.<\/strong> On soutient toutes les mamans allaitantes, mais plus g\u00e9n\u00e9ralement on soutient toutes les mamans, quoi qu\u2019il arrive. Notre objectif n\u2019est pas d\u2019\u00eatre pro allaitement. On a simplement envie de <strong>prot\u00e9ger et soutenir l\u2019allaitement maternel<\/strong> qui, m\u00eame s\u2019il est naturel, est loin d\u2019\u00eatre inn\u00e9 pour de nombreuses mamans.<\/p>\n<div class=\"retour-sommaire\"><a href=\"#sommaire\">Retour au sommaire<\/a><\/div>\n<h2 class=\"ancre\" id=\"forces-limky\">D\u2019ailleurs, quelles sont les forces de Limky ?<\/h2>\n<p>Nos v\u00eatements d\u2019allaitement ont selon moi deux forces majeures :<\/p>\n<ul>\n<li><strong>Les coupes<\/strong><\/li>\n<\/ul>\n<p>Ce sont des coupes semi ajust\u00e9es, c\u2019est \u00e0 dire qu\u2019on pr\u00e9voit de l\u2019aisance au niveau de la poitrine et au niveau des hanches tout en restant sur des coupes semi fit. On n\u2019est pas l\u00e0 pour camoufler mais mettre en valeur les courbes de la femme. Donc oui, on pr\u00e9voit de l\u2019aisance parce qu\u2019on sait que le corps subit de nombreux changements postpartum, mais on fait du semi ajust\u00e9 pour un tomb\u00e9 f\u00e9minin.<\/p>\n<ul>\n<li><strong>Nos syst\u00e8mes d\u2019ouverture<\/strong><\/li>\n<\/ul>\n<p>On a beaucoup retravaill\u00e9 le syst\u00e8me d\u2019ouverture sur notre deuxi\u00e8me collection. En effet, on a travaill\u00e9 avec des zips YKK, qui, encore une fois sont les \u00ab Rolls Royce \u00bb du zip, de qualit\u00e9 et qui soient renforc\u00e9s.<\/p>\n<p>Contrairement \u00e0 de nombreuses marques qui positionnent leurs zips sous l\u2019aisselle, nous avons revisit\u00e9 les standards d\u2019un v\u00eatements classiques en d\u00e9pla\u00e7ant les coutures c\u00f4t\u00e9s sur la face lat\u00e9rale avant du v\u00eatement dans lesquelles nous y avons positionn\u00e9 nos ouvertures pour allaiter. Ces ouvertures sont donc plus proches du sein.<\/p>\n<p>Avec une belle longueur d\u2019ouverture qui permet de convenir \u00e0 toutes les morphologies de corps et de poitrines des mamans. Ces ouvertures allaitement d\u00e9marrent haut et arrivent vraiment tr\u00e8s bas ce qui permet de s\u2019adapter \u00e0 toutes les mamans, qu\u2019elles aient une poitrine plus ou moins g\u00e9n\u00e9reuse et qu\u2019elles aient une poitrine positionn\u00e9e plus ou moins haut.<\/p>\n<div class=\"retour-sommaire\"><a href=\"#sommaire\">Retour au sommaire<\/a><\/div>\n<h2>Enfin, quelles sont vos gammes de prix chez Limky ?<\/h2>\n<p>On d\u00e9marre \u00e0 <strong>39 \u20ac<\/strong> avec le d\u00e9bardeur. Nos t-shirts iconiques, qui sont vraiment les plus vendus, sont \u00e0 <strong>47 \u20ac<\/strong>. Nos robes vont <strong>de 65 \u00e0 75 \u20ac<\/strong>. Et nos sweats 100% made in France sont eux \u00e0 <strong>95 \u20ac<\/strong>.<\/p>\n<div class=\"retour-sommaire\"><a href=\"#sommaire\">Retour au sommaire<\/a><\/div>\n<h2 class=\"ancre\" id=\"choisir-vetement-allaitement\">Selon vous, \u00e0 quoi doit-on faire particuli\u00e8rement attention lorsqu\u2019on souhaite acheter un v\u00eatement d\u2019allaitement ?<\/h2>\n<p>Pour moi, il faut que la maman fasse attention \u00e0 ce que l\u2019ouverture <strong>permette vraiment d\u2019acc\u00e9der au sein sans avoir \u00e0 tirer sur le tissu<\/strong> et sans avoir \u00e0 le tenir tout au long de la t\u00e9t\u00e9e. <\/p>\n<p>Il faut \u00e9galement que le v\u00eatement d\u2019allaitement dispose de <strong>bandes de couvrance int\u00e9rieures<\/strong> pour prot\u00e9ger la peau de la maman du zip.<\/p>\n<div class=\"retour-sommaire\"><a href=\"#sommaire\">Retour au sommaire<\/a><\/div>\n<h2 class=\"ancre\" id=\"titre1\">En 2023, vous avez sorti de nouvelles robes (courtes et longues) ainsi que des t-shirts sans ouverture allaitement. Pour quelles raisons ?<\/h2>\n<p>Pour pouvoir proposer chez Limky quelque chose \u00e0 toutes les mamans :<\/p>\n<ul>\n<li><strong>Celles qui allaitent<\/strong> et qui sont \u00e0 la recherche de v\u00eatements d\u2019allaitement bien-s\u00fbr,<\/li>\n<li><strong>Celles qui n\u2019allaitent plus<\/strong>,<\/li>\n<li>Mais aussi les mamans qui allaitent et qui font <strong>le choix de ne pas acheter de v\u00eatements avec des ouvertures<\/strong> par soucis de budget ou de principe.<\/li>\n<\/ul>\n<p>En effet, <strong>il y a beaucoup de mamans qui allaitent et qui trouvent que les v\u00eatements d\u2019allaitement sont inutiles<\/strong>. Ces mamans n\u2019ont aucun probl\u00e8me pour allaiter avec une double couche de v\u00eatements l\u2019\u00e9t\u00e9, soulever leur sweat l\u2019hiver en ayant potentiellement froid au ventre ou encore ouvrir compl\u00e8tement leur robe cache-c\u0153ur et avoir la poitrine compl\u00e8tement d\u00e9couverte. C\u2019est g\u00e9nial pour ces mamans mais, <strong>pour beaucoup d\u2019autres<\/strong> (qui ont peut-\u00eatre un peu plus de pudeur, un peu plus de g\u00eane et notamment pour les d\u00e9buts d\u2019allaitement), <strong>les v\u00eatements d\u2019allaitement restent quand m\u00eame bien utiles<\/strong>. <\/p>\n<p>L\u2019id\u00e9e est donc de r\u00e9ellement s\u2019adresser \u00e0 toutes les mamans qui allaitent et qui aiment nos concepts de t-shirts. Nos t-shirts <strong>\u00ab In Boob We Trust \u00bb<\/strong> et <strong>\u00ab Alerte \u00e0 Maliboob \u00bb<\/strong> sont des mod\u00e8les tr\u00e8s appr\u00e9ci\u00e9s des mamans allaitantes, m\u00eame de celles qui n\u2019ont pas envie d\u2019investir dans un t-shirt avec des ouvertures zipp\u00e9es dont elles n\u2019auraient pas besoin. <\/p>\n<p>Proposer <strong>une version de nos t-shirts sans ouverture<\/strong> (qui sera bien-s\u00fbr moins on\u00e9reuse) permettra donc \u00e0 toutes les mamans allaitantes de <strong>v\u00e9hiculer ces messages humoristiques<\/strong> et (re)penser \u00e0 leur allaitement avec fiert\u00e9.<\/p>\n<div class=\"retour-sommaire\"><a href=\"#sommaire\">Retour au sommaire<\/a><\/div>\n<h2>S\u2019il ne devait y en avoir qu\u2019un, quel serait votre meilleur conseil \u00e0 l\u2019attention des futures mamans qui se pr\u00e9parent \u00e0 allaiter leur b\u00e9b\u00e9 \u00e0 venir ?<\/h2>\n<p>Selon moi, si ces futures mamans ont un doute, si elles ont des questions, il ne faut vraiment pas h\u00e9siter \u00e0 consulter une <a href=\"https:\/\/vanillamilk.fr\/blog\/consultante-en-lactation-ibclc\/\" target=\"_blank\" title=\"IBCLC\">consultante en lactation certifi\u00e9e IBCLC<\/a>. Pour moi, c\u2019est le meilleur conseil. <\/p>\n<p>C\u2019est tr\u00e8s bien d\u2019en parler \u00e0 ses amies, \u00e0 son entourage, mais tout le monde a des exp\u00e9riences diff\u00e9rentes et <strong>les meilleurs conseils ne seront jamais mieux donn\u00e9s que par une consultante en lactation certifi\u00e9e IBCLC<\/strong>. <\/p>\n<p>Souvent, les mamans se disent que <strong>50 ou 60 \u20ac<\/strong>, c\u2019est beaucoup, surtout si ce montant n\u2019est pas rembours\u00e9 par la S\u00e9curit\u00e9 Sociale. <strong>Certaines sage-femmes sont certifi\u00e9es IBCLC et peuvent accompagner les mamans dans le cadre de consultations rembours\u00e9es.<\/strong> Et, puis, quoi qu\u2019il arrive, concernant le prix d\u2019une consultation, <strong>tout est relatif quand on connait le prix du lait en poudre<\/strong> (on peut facilement en avoir pour 30 ou 40 \u20ac de lait par semaine). <\/p>\n<p>Il ne faut donc <strong>pas h\u00e9siter \u00e0 consulter, le plus t\u00f4t possible voire suivre une pr\u00e9paration \u00e0 l\u2019allaitement<\/strong> afin de d\u00e9marrer son allaitement avec de bons outils.<\/p>\n<div class=\"retour-sommaire\"><a href=\"#sommaire\">Retour au sommaire<\/a><\/div>\n<h2>Si vous disposiez d\u2019une baguette magique, que changeriez-vous en France pour faire progresser les taux d\u2019allaitement maternel ?<\/h2>\n<p>D\u2019apr\u00e8s ce que j\u2019ai appris, un de mes souhaits s\u2019est d\u00e9j\u00e0 r\u00e9alis\u00e9 puisque visiblement, depuis l\u2019ann\u00e9e derni\u00e8re, <strong>des formations \u00e0 l\u2019allaitement maternel ont \u00e9t\u00e9 r\u00e9int\u00e9gr\u00e9es dans le cursus scolaire des \u00e9tudiants en m\u00e9decine<\/strong>. Cela signifie que tous les futurs p\u00e9diatres, sages-femmes, m\u00e9decins quelle que soit leur sp\u00e9cialit\u00e9\u2026 vont finalement avoir un programme qui aborde l\u2019allaitement. <\/p>\n<p>Mon autre souhait serait <strong>l\u2019embauche syst\u00e9matique dans toutes les maternit\u00e9s de consultantes en lactation certifi\u00e9es IBCLC<\/strong>. Cela permettrait \u00e0 toutes les mamans qui souhaitent allaiter d\u2019\u00eatre accompagn\u00e9es par <strong>des professionnels comp\u00e9tents et vraiment form\u00e9s<\/strong> et de surcroit d\u00e9couvrir ces professionnels de sant\u00e9 parfois encore m\u00e9connus du plus grand nombre de jeunes mamans. <\/p>\n<p>Quand on devient maman, on sait qu\u2019il y a des sages-femmes qui sont l\u00e0 aujourd\u2019hui pour nous aider mais malheureusement il n\u2019y en a pas encore beaucoup qui soient vraiment bien form\u00e9es sur le sujet. Et m\u00eame celles qui le sont ne le sont <strong>pas autant que les IBCLC<\/strong>. Elles n\u2019ont pas le m\u00eame programme de formation et n\u2019ont donc forc\u00e9ment pas les m\u00eames connaissances.<\/p>\n<div class=\"retour-sommaire\"><a href=\"#sommaire\">Retour au sommaire<\/a><\/div>\n<h2>Un petit mot sur VanillaMilk ?<\/h2>\n<p>Je trouve que vous faites un super boulot. <\/p>\n<p>Toutes les informations mises \u00e0 disposition des mamans n\u2019ont juste pas de prix. Et je trouve que <a href=\"https:\/\/vanillamilk.fr\/map.php\" target=\"_blank\" title=\"Carte VanillaMilk\">l\u2019outil cartographique sur le site est vraiment dingue<\/a>. <\/p>\n<p>Donc merci pour ce que vous faites parce que votre travail permet encore une fois d\u2019<strong>apporter plus de contenu aux mamans et futures mamans qui souhaitent allaiter<\/strong>. Et donc, je trouve \u00e7a g\u00e9nial !<\/p>\n<div class=\"retour-sommaire\"><a href=\"#sommaire\">Retour au sommaire<\/a><\/div>\n<div class=\"et-box et-download\">\n<div class=\"et-box-content\"><strong>L&rsquo;interview\u00e9e<\/strong><br \/>\nDoriane Troch<br \/>\n<em>Fondatrice de Limky<\/em><br \/>\n<img decoding=\"async\" src=\"https:\/\/vanillamilk.fr\/blog\/wp-content\/uploads\/2025\/09\/Doriane-Troch.png\" alt=\"Lucie Aboab\" class=\"img-responsive\" width=\"140\" height=\"140\" title=\"- -\"><br \/>\nSite internet : <a href=\"https:\/\/limky.fr\/\" rel=\"noopener noreferrer\" target=\"_blank\" title=\"Site internet Limky\">limky.fr<\/a><br \/>\nCompte Instagram : <a href=\"https:\/\/www.instagram.com\/limky.fr\/\" rel=\"noopener noreferrer\" target=\"_blank\" title=\"Instagram Limky\">@limky.fr<\/a><br \/>\nCompte Facebook : <a href=\"https:\/\/www.facebook.com\/Limky.fr\" rel=\"noopener noreferrer\" target=\"_blank\" title=\"Facebook Limky\">Limky<\/a>\n<\/div>\n<\/div>\n","protected":false},"excerpt":{"rendered":"<p>Interview de Doriane Troch, fondatrice de Limky<\/p>\n","protected":false},"author":2,"featured_media":7831,"comment_status":"closed","ping_status":"open","sticky":false,"template":"","format":"standard","meta":{"_acf_changed":false,"_et_pb_use_builder":"off","_et_pb_old_content":"","_et_gb_content_width":"","footnotes":""},"categories":[194,183,210,195,172,144],"tags":[],"class_list":["post-7827","post","type-post","status-publish","format-standard","has-post-thumbnail","hentry","category-sorganiser-sequiper","category-preparation-de-lallaitement","category-premieres-sorties-allaitement","category-mise-en-route-premiers-jours","category-new-2022","category-nos-belles-decouvertes"],"acf":[],"_links":{"self":[{"href":"https:\/\/vanillamilk.fr\/blog\/wp-json\/wp\/v2\/posts\/7827","targetHints":{"allow":["GET"]}}],"collection":[{"href":"https:\/\/vanillamilk.fr\/blog\/wp-json\/wp\/v2\/posts"}],"about":[{"href":"https:\/\/vanillamilk.fr\/blog\/wp-json\/wp\/v2\/types\/post"}],"author":[{"embeddable":true,"href":"https:\/\/vanillamilk.fr\/blog\/wp-json\/wp\/v2\/users\/2"}],"replies":[{"embeddable":true,"href":"https:\/\/vanillamilk.fr\/blog\/wp-json\/wp\/v2\/comments?post=7827"}],"version-history":[{"count":44,"href":"https:\/\/vanillamilk.fr\/blog\/wp-json\/wp\/v2\/posts\/7827\/revisions"}],"predecessor-version":[{"id":12612,"href":"https:\/\/vanillamilk.fr\/blog\/wp-json\/wp\/v2\/posts\/7827\/revisions\/12612"}],"wp:featuredmedia":[{"embeddable":true,"href":"https:\/\/vanillamilk.fr\/blog\/wp-json\/wp\/v2\/media\/7831"}],"wp:attachment":[{"href":"https:\/\/vanillamilk.fr\/blog\/wp-json\/wp\/v2\/media?parent=7827"}],"wp:term":[{"taxonomy":"category","embeddable":true,"href":"https:\/\/vanillamilk.fr\/blog\/wp-json\/wp\/v2\/categories?post=7827"},{"taxonomy":"post_tag","embeddable":true,"href":"https:\/\/vanillamilk.fr\/blog\/wp-json\/wp\/v2\/tags?post=7827"}],"curies":[{"name":"wp","href":"https:\/\/api.w.org\/{rel}","templated":true}]}}