{"id":89,"date":"2019-09-15T12:00:48","date_gmt":"2019-09-15T10:00:48","guid":{"rendered":"http:\/\/vanillamilk.fr\/blog\/?p=89"},"modified":"2025-11-17T17:16:50","modified_gmt":"2025-11-17T16:16:50","slug":"projet-professionnel-allaitement-maternel-art1","status":"publish","type":"post","link":"https:\/\/vanillamilk.fr\/blog\/projet-professionnel-allaitement-maternel-art1\/","title":{"rendered":"Un projet professionnel pour l&rsquo;allaitement maternel ?"},"content":{"rendered":"<h5>Je m\u2019appelle St\u00e9phanie : j\u2019ai 36 ans, je suis mari\u00e9e, maman de 2 louloutes de 3 et 5 ans et j\u2019habite sous le soleil d\u2019Aix en Provence.<\/p>\n<p>Si je me suis mise \u00e0 la cr\u00e9ation de ce blog, c\u2019est pour vous pr\u00e9senter <strong>mon projet pour l\u2019allaitement maternel\u2026 <\/strong>mais aussi me rapprocher de vous et vous raconter tout ce qui se passe l\u00e0-haut dans ma \u00ab p\u2018tite t\u00eate \u00bb  !<\/p>\n<p>Et oui, car apr\u00e8s 10 ans pass\u00e9s dans des services e-commerce en Belgique et en France, j\u2019ai pris mon envol en 2017 pour enfin :<\/p>\n<ul>\n<li><strong>Donner du sens<\/strong> \u00e0 ma vie professionnelle<\/li>\n<li>Oser faire ce dont je r\u00eave depuis longtemps : <strong>entreprendre et cr\u00e9er ma soci\u00e9t\u00e9<\/strong><\/li>\n<li>M\u2019investir dans une cause qui me tient \u00e0 c\u0153ur : <strong>l\u2019allaitement maternel<\/strong> !<\/li>\n<\/ul>\n<\/h5>\n<h2>Et pourquoi pas un projet pour l\u2019allaitement maternel ?<\/h2>\n<p>Apr\u00e8s tout, <strong>et si on rejoignait celles et ceux qui veulent faire bouger les choses ?<\/strong> Mais si, pour changer, on essayait d\u2019aborder ce sujet sous un autre angle ? Avec une entreprise, une vraie ?<\/p>\n<p>Personnellement, j\u2019y crois \u00e0 fond et je souhaite non seulement pouvoir en vivre mais aussi permettre \u00e0 d\u2019autres de me rejoindre dans l\u2019aventure ! C\u2019est un <strong>sujet sensible et un projet d\u2019envergure<\/strong> mais quel challenge !<\/p>\n<p>Ce projet, il me parle tellement\u2026 et j\u2019esp\u00e8re qu\u2019il vous parlera aussi. Il me tient \u00e0 c\u0153ur de le <strong>construire avec vous<\/strong> en partageant un maximum, en \u00e9tant \u00e0 votre \u00e9coute et en vous permettant d\u2019y participer.<\/p>\n<h2>Ce blog est l\u00e0 pour \u00e7a, pour vous et moi !<\/h2>\n<p>Pour me montrer telle que je suis : une personne tout ce qu\u2019il y a de plus \u00ab normale \u00bb, avec des doutes, des envies et des \u00e9toiles plein la t\u00eate.<\/p>\n<p>Pour vous parler du projet, <a href=\"https:\/\/vanillamilk.fr\/blog\/les-origines-de-vanillamilk\/\" target=\"_blank\" title=\"Origines de VanillaMilk\">ses origines<\/a>, ses changements de cap, son \u00e9volution\u2026 Partager les coulisses et les impacts de cette nouvelle vie : sur ma famille, mon entourage, mon moral, mon sommeil\u2026 ?<\/p>\n<p>Et aussi pour vous raconter combien il est gratifiant et \u00e9panouissant de se lever chaque matin en sachant pour quoi, pour qui.<\/p>\n<p>Alors, n\u2019h\u00e9sitez pas : <a href=\"https:\/\/vanillamilk.fr\/contact.php\" target=\"_blank\" title=\"Contacts\">j\u2019attends vos suggestions, vos questions, vos critiques constructives, vos id\u00e9es\u2026<\/a><br \/>\n<strong>Je suis \u00e0 votre \u00e9coute ! <\/strong>Je vous promets de toutes et tous vous lire avec attention et passion.<\/p>\n","protected":false},"excerpt":{"rendered":"<p>Origines et histoires de VanillaMilk, en toute transparence<\/p>\n","protected":false},"author":2,"featured_media":493,"comment_status":"open","ping_status":"closed","sticky":false,"template":"","format":"standard","meta":{"_acf_changed":false,"_et_pb_use_builder":"off","_et_pb_old_content":"","_et_gb_content_width":"","footnotes":""},"categories":[60],"tags":[],"class_list":["post-89","post","type-post","status-publish","format-standard","has-post-thumbnail","hentry","category-les-origines-de-vanillamilk"],"acf":[],"_links":{"self":[{"href":"https:\/\/vanillamilk.fr\/blog\/wp-json\/wp\/v2\/posts\/89","targetHints":{"allow":["GET"]}}],"collection":[{"href":"https:\/\/vanillamilk.fr\/blog\/wp-json\/wp\/v2\/posts"}],"about":[{"href":"https:\/\/vanillamilk.fr\/blog\/wp-json\/wp\/v2\/types\/post"}],"author":[{"embeddable":true,"href":"https:\/\/vanillamilk.fr\/blog\/wp-json\/wp\/v2\/users\/2"}],"replies":[{"embeddable":true,"href":"https:\/\/vanillamilk.fr\/blog\/wp-json\/wp\/v2\/comments?post=89"}],"version-history":[{"count":47,"href":"https:\/\/vanillamilk.fr\/blog\/wp-json\/wp\/v2\/posts\/89\/revisions"}],"predecessor-version":[{"id":12824,"href":"https:\/\/vanillamilk.fr\/blog\/wp-json\/wp\/v2\/posts\/89\/revisions\/12824"}],"wp:featuredmedia":[{"embeddable":true,"href":"https:\/\/vanillamilk.fr\/blog\/wp-json\/wp\/v2\/media\/493"}],"wp:attachment":[{"href":"https:\/\/vanillamilk.fr\/blog\/wp-json\/wp\/v2\/media?parent=89"}],"wp:term":[{"taxonomy":"category","embeddable":true,"href":"https:\/\/vanillamilk.fr\/blog\/wp-json\/wp\/v2\/categories?post=89"},{"taxonomy":"post_tag","embeddable":true,"href":"https:\/\/vanillamilk.fr\/blog\/wp-json\/wp\/v2\/tags?post=89"}],"curies":[{"name":"wp","href":"https:\/\/api.w.org\/{rel}","templated":true}]}}