{"id":9717,"date":"2025-02-25T19:56:33","date_gmt":"2025-02-25T18:56:33","guid":{"rendered":"https:\/\/vanillamilk.fr\/blog\/?p=9717"},"modified":"2026-03-06T11:01:05","modified_gmt":"2026-03-06T10:01:05","slug":"pro-perinatalite-se-faire-connaitre","status":"publish","type":"post","link":"https:\/\/vanillamilk.fr\/blog\/pro-perinatalite-se-faire-connaitre\/","title":{"rendered":"Professionnel(le) de la p\u00e9rinatalit\u00e9 : comment se faire conna\u00eetre ?"},"content":{"rendered":"<h5>En tant que\u00a0<strong>professionnelle de la p\u00e9rinatalit\u00e9<\/strong>, vous accompagnez les futures mamans, les parents et les b\u00e9b\u00e9s \u00e0 travers une p\u00e9riode charni\u00e8re de leur vie. Votre expertise et votre bienveillance sont des atouts pr\u00e9cieux pour ces familles. Cependant,\u00a0<strong>se faire conna\u00eetre et attirer une client\u00e8le<\/strong>\u00a0dans un environnement num\u00e9rique en constante \u00e9volution peut s\u2019av\u00e9rer plus compliqu\u00e9 que pr\u00e9vu.<\/p>\n<p>Aujourd\u2019hui,\u00a0on vous livre\u00a0<strong>8 bonnes pratiques pour vous rendre efficacement visibles en ligne et localement<\/strong>.\u00a0<br \/>\nQue vous soyez infirmi\u00e8re pu\u00e9ricultrice, accompagnant(e) p\u00e9rinatal(e), consultant(e) en lactation IBCLC, ost\u00e9opathe ou d\u2019une autre sp\u00e9cialit\u00e9 de la p\u00e9rinatalit\u00e9\u2026 Cet article est pour vous !<\/h5>\n<div class=\"sommaire\"  id=\"sommaire\">\n<h4 class=\"sommaire-titre\">SOMMAIRE<\/h4>\n<ul>\n<li><a href=\"#communication-reussie\">Avant de vous lancer, \u00e9tablissez les bases d\u2019une communication r\u00e9ussie<\/a><\/li>\n<li><a href=\"#bonnes-pratiques\">Les 8 bonnes pratiques : comment se faire conna\u00eetre aupr\u00e8s des parents en tant que professionnelle de la p\u00e9rinatalit\u00e9 ?<\/a><\/li>\n<\/ul>\n<\/div>\n<p>\u00a0<\/p>\n<h2 class=\"ancre\" id=\"communication-reussie\">Avant de vous lancer, \u00e9tablissez les bases d\u2019une communication r\u00e9ussie<\/h2>\n<p>Avant de foncer t\u00eate baiss\u00e9e dans la communication et de commencer \u00e0 cr\u00e9er du contenu, il est crucial de\u00a0<strong>prendre le temps de poser les bases solides qui guideront votre \u00ab strat\u00e9gie \u00bb<\/strong>. Pour cela,\u00a03 \u00e9tapes\u00a0nous semblent essentielles pour\u00a0gagner, par la suite, en efficacit\u00e9 et en temps.<\/p>\n<div class=\"et-box et-bio\">\n<div class=\"et-box-content\"><strong>BON \u00c0 SAVOIR<\/strong><br \/>\nVous n\u2019avez pas forc\u00e9ment besoin de r\u00e9aliser TOUTES ces actions. Nous vous conseillons d\u2019adapter selon vos envies, vos objectifs, votre temps et vos moyens.\n<\/div>\n<\/div>\n<h3>\u00c9tape 1 : d\u00e9finissez votre positionnement. Qui \u00eates-vous et qu\u2019avez-vous \u00e0 offrir ?<\/h3>\n<p>Votre positionnement est l\u2019essence m\u00eame de votre activit\u00e9 en tant que professionnelle de la p\u00e9rinatalit\u00e9. Il s\u2019agit de\u00a0<strong>la mani\u00e8re dont vous vous d\u00e9finissez et dont vous vous diff\u00e9renciez<\/strong>.\u00a0Posez-vous les questions suivantes :<\/p>\n<ul>\n<li>Quelle est <strong>votre offre ?<\/strong>\u00a0Qu\u2019est-ce que vous proposez concr\u00e8tement ?<\/li>\n<li>Quelles sont <strong>vos valeurs fondamentales ?<\/strong><\/li>\n<li>Quelle est <strong>votre sp\u00e9cialit\u00e9 ?<\/strong>\u00a0Quels sont <strong>vos atouts ?<\/strong><\/li>\n<\/ul>\n<p>En r\u00e9pondant \u00e0 ces questions, vous serez en mesure d\u2019articuler clairement votre proposition de valeur et de cr\u00e9er un message coh\u00e9rent qui r\u00e9sonnera aupr\u00e8s de votre public cible.<\/p>\n<div class=\"retour-sommaire\"><a href=\"#sommaire\">Retour au sommaire<\/a><\/div>\n<h3>\u00c9tape\u00a02 : identifiez votre persona. \u00c0 qui vous adressez-vous ?<\/h3>\n<p>Un peu de marketing !\u00a0<strong>Votre persona est la repr\u00e9sentation semi-fictive de votre patient(e) id\u00e9al(e).<\/strong>\u00a0Mieux vous conna\u00eetrez votre persona, mieux vous pourrez adapter votre communication \u00e0 ses besoins, ses int\u00e9r\u00eats et ses habitudes. Pour cela, posez-vous les questions suivantes :<\/p>\n<ul>\n<li><strong>Qui est votre patient(e) id\u00e9al(e) ?<\/strong>\u00a0(\u00e2ge, sexe, situation familiale, localisation, etc.)<\/li>\n<li><strong>Quels sont ses objectifs ? Ses aspirations ? Ses freins ?<\/strong><\/li>\n<li><strong>O\u00f9 s\u2019informe-t-il habituellement ?<\/strong>\u00a0(r\u00e9seaux sociaux, sites web, blogs, etc.)<\/li>\n<\/ul>\n<p>En cr\u00e9ant un persona r\u00e9aliste, vous pourrez cibler vos efforts de communication de mani\u00e8re plus efficace et cr\u00e9er du contenu qui suscite r\u00e9ellement son int\u00e9r\u00eat.\n<\/p>\n<p><img decoding=\"async\" src=\"https:\/\/vanillamilk.fr\/blog\/wp-content\/uploads\/2024\/11\/exemple-persona-maman.jpg\" alt=\"Exemple de persona\" class=\"img-responsive\" width=\"620\" height=\"500\" title=\"- -\"><\/p>\n<div class=\"retour-sommaire\"><a href=\"#sommaire\">Retour au sommaire<\/a><\/div>\n<h3>\u00c9tape 3 : d\u00e9finissez vos mots cl\u00e9s. Quel est le langage de votre persona ?<\/h3>\n<p>Maintenant qu\u2019on sait \u00e0 qui on s\u2019adresse, il est temps de savoir <strong>comment s\u2019y adresser<\/strong>. Les mots cl\u00e9s sont les termes que votre public cible utilise lorsqu\u2019il recherche des informations ou des services (potentiellement, les v\u00f4tres). En identifiant les mots cl\u00e9s pertinents, vous <strong>optimiserez votre site web et votre contenu pour les moteurs de recherche<\/strong>, ce qui augmentera la visibilit\u00e9 de votre activit\u00e9 aupr\u00e8s des personnes qui recherchent vos services. Pour cela, posez-vous les questions suivantes :<\/p>\n<ul>\n<li><strong>Quels mots cl\u00e9s pourrait chercher une maman sur Google pour vous trouver ?<\/strong><\/li>\n<li><strong>Quels sont les termes les plus recherch\u00e9s li\u00e9s \u00e0 vos services ?<\/strong><\/li>\n<li><strong>Quels mots une maman aurait-elle besoin de lire pour \u00eatre rassur\u00e9e et faire appel \u00e0 vous ?<\/strong> Par exemple : bienveillance, \u00e0 l\u2019\u00e9coute, accompagnement, certification\u2026<\/li>\n<li><strong>Quels mots cl\u00e9s seraient n\u00e9cessaires pour que la maman comprenne exactement et facilement ce que vous proposez ?<\/strong> \u00c9vitez le jargon pour privil\u00e9gier des mots simples et accessibles au plus grand nombre.<\/li>\n<\/ul>\n<p>Ces mots-cl\u00e9s vous guideront tout au long de la cr\u00e9ation de vos contenus. En r\u00e9sum\u00e9, gardez toujours en t\u00eate votre persona ! Mettez-vous \u00e0 sa place et posez-vous la question : <strong>qu\u2019est-ce qui pourrait l\u2019int\u00e9resser et comment attirer son attention ?<\/strong><\/p>\n<div class=\"retour-sommaire\"><a href=\"#sommaire\">Retour au sommaire<\/a><\/div>\n<h2 class=\"ancre\" id=\"bonnes-pratiques\">Les 8 bonnes pratiques : comment se faire conna\u00eetre aupr\u00e8s des parents en tant que professionnelle de la p\u00e9rinatalit\u00e9 ?<\/h2>\n<p>Maintenant que vous avez pos\u00e9 des bases solides en d\u00e9finissant votre positionnement, votre persona et vos mots cl\u00e9s, il est temps de passer \u00e0 l\u2019action ! <strong>Voici 8 bonnes pratiques concr\u00e8tes pour vous aider \u00e0 accro\u00eetre votre visibilit\u00e9 en ligne et locale.<\/strong><\/p>\n<h3>1 \u2013 Cr\u00e9ez votre fiche Google My Business : pour vous rendre visibles sur Google Maps et dans les recherches locales<\/h3>\n<p>Cr\u00e9er une fiche Google My Business pour votre activit\u00e9 autour de la p\u00e9rinatalit\u00e9 est <strong>indispensable pour appara\u00eetre dans les r\u00e9sultats de recherche Google et Google Maps<\/strong> lorsque les utilisateurs recherchent des services li\u00e9s \u00e0 votre activit\u00e9.<\/p>\n<p>Aussi appel\u00e9e \u00ab fiche d\u2019\u00e9tablissement Google \u00bb, cette derni\u00e8re est compl\u00e8tement gratuite.<br \/>\n<strong>Remplissez soigneusement votre profil<\/strong> avec des informations pr\u00e9cises et compl\u00e8tes, y compris vos heures d\u2019ouverture, vos coordonn\u00e9es, vos services et des photos de qualit\u00e9. <strong>Et surtout, encouragez les personnes qui vous ont consult\u00e9 \u00e0 laisser des avis positifs, car ils auront une influence importante sur votre visibilit\u00e9 et votre cr\u00e9dibilit\u00e9 !<\/strong><\/p>\n<p><img decoding=\"async\" src=\"https:\/\/vanillamilk.fr\/blog\/wp-content\/uploads\/2024\/11\/google-my-business-perinatalite.jpg\" alt=\"Exemple Fiche Google my business\" class=\"img-responsive\" width=\"390\" height=\"620\" title=\"- -\"><\/p>\n<div class=\"retour-sommaire\"><a href=\"#sommaire\">Retour au sommaire<\/a><\/div>\n<h3>2 \u2013 Cr\u00e9ez votre profil Instagram : pour partager vos connaissances et interagir avec les personnes qui vous suivent<\/h3>\n<p>Instagram est une plateforme id\u00e9ale pour partager des photos et des vid\u00e9os captivantes mettant en avant <strong>votre approche, vos conseils, vos astuces<\/strong> ou encore des moments de vie avec les parents que vous rencontrez.<\/p>\n<p>Avoir un profil sur ce r\u00e9seau social est un pari sur l\u2019avenir puisque aujourd\u2019hui, c\u2019est d\u00e9j\u00e0 <strong>69% des 18-24 ans (les parents de demain) qui sont des utilisateurs actifs !<\/strong><\/p>\n<p>Instagram est une r\u00e9elle vitrine vous permettant de montrer \u00e0 un large public qui vous \u00eates et ce que vous faites. En plus, <strong>c\u2019est gratuit<\/strong>.<\/p>\n<div class=\"retour-sommaire\"><a href=\"#sommaire\">Retour au sommaire<\/a><\/div>\n<h3>3 \u2013 Cr\u00e9ez votre profil LinkedIn : pour renforcer votre r\u00e9seau professionnel<\/h3>\n<p><strong>LinkedIn est un r\u00e9seau social incontournable pour les professionnels<\/strong>. De plus en plus, les professionnels de la p\u00e9rinatalit\u00e9, et de la sant\u00e9 en g\u00e9n\u00e9ral, s\u2019y inscrivent pour se <strong>cr\u00e9er un r\u00e9seau local et national aupr\u00e8s de leurs pairs<\/strong>, mais \u00e9galement pour <strong>suivre les actualit\u00e9s li\u00e9es \u00e0 leur m\u00e9tier<\/strong>.<\/p>\n<p>Cr\u00e9ez un profil optimis\u00e9 qui met en valeur vos qualifications et votre exp\u00e9rience, et partagez vos connaissances si vous le souhaitez via des publications ! Bien utilis\u00e9, il peut se r\u00e9v\u00e9ler \u00eatre un v\u00e9ritable levier de communication.<\/p>\n<div class=\"retour-sommaire\"><a href=\"#sommaire\">Retour au sommaire<\/a><\/div>\n<h3>4 \u2013 Cr\u00e9ez votre site internet : pour avoir une vitrine digitale<\/h3>\n<p>Un site web professionnel est parfois essentiel pour <strong>\u00e9tablir votre cr\u00e9dibilit\u00e9 en ligne<\/strong> et pr\u00e9senter votre activit\u00e9 de mani\u00e8re d\u00e9taill\u00e9e. Il permet \u00e9galement de <strong>faciliter la prise de contact et la prise de rendez-vous<\/strong>.<\/p>\n<p>Assurez-vous que votre site web soit <strong>convivial, rassurant, informatif et visuellement attrayant<\/strong>. Il doit \u00e9galement inclure des pages d\u00e9crivant votre parcours, vos valeurs, votre approche, vos services, vos tarifs, vos coordonn\u00e9es, des t\u00e9moignages\u2026<\/p>\n<p>Tr\u00e8s important ! <strong>Nous vous conseillons de mettre un point d\u2019honneur au r\u00e9f\u00e9rencement naturel*<\/strong>. Pour cela, optimisez votre site web pour les moteurs de recherche en utilisant des mots cl\u00e9s pertinents (que vous aurez identifi\u00e9s en amont) et respectez au maximum les r\u00e8gles d\u2019un bon r\u00e9f\u00e9rencement.<\/p>\n<div class=\"et-box et-bio\">\n<div class=\"et-box-content\"><strong>D\u00c9FINITION<\/strong><br \/>\n*Le r\u00e9f\u00e9rencement naturel, aussi appel\u00e9 SEO, consiste \u00e0 rendre un site web plus visible dans les r\u00e9sultats naturels (non payants) des moteurs de recherche tels que Google. Pour faire simple, c\u2019est l\u2019art de faire remonter votre site web dans les premiers r\u00e9sultats de recherche quand quelqu\u2019un tape un mot cl\u00e9 li\u00e9 \u00e0 votre activit\u00e9. Pourquoi c\u2019est si important ? Parce que les premiers r\u00e9sultats sont ceux qui attirent le plus de clics !\n<\/div>\n<\/div>\n<div class=\"retour-sommaire\"><a href=\"#sommaire\">Retour au sommaire<\/a><\/div>\n<h3>5 \u2013 Rapprochez-vous des r\u00e9seaux professionnels locaux : pour tisser des liens<\/h3>\n<p>Si vous en avez le temps et l\u2019envie, pourquoi ne pas s\u2019impliquer dans des r\u00e9seaux professionnels locaux li\u00e9s \u00e0 la p\u00e9rinatalit\u00e9, des associations ou des groupes de soutien ? <strong>Et s\u2019il n\u2019en existe pas autour de chez vous, cr\u00e9ez-en un !<\/strong> Parfois, un simple groupe WhatsApp permet d\u2019\u00e9changer entre professionnels.<\/p>\n<p>Participez \u00e0 des \u00e9v\u00e9nements, des ateliers ou des conf\u00e9rences pour <strong>rencontrer des professionnels partageant les m\u00eames valeurs que vous<\/strong>. Une collaboration pourrait vous offrir de nouvelles opportunit\u00e9s de visibilit\u00e9 et vous permettre de <strong>toucher un public plus large !<\/strong><\/p>\n<p>C\u2019est d\u2019ailleurs pour favoriser le r\u00e9seautage entre professionnels de la p\u00e9rinatalit\u00e9 et de la petite enfance que les <strong>Journ\u00e9es VanillaMilk<\/strong> ont \u00e9t\u00e9 pens\u00e9es.<\/p>\n<p><img decoding=\"async\" src=\"https:\/\/vanillamilk.fr\/blog\/wp-content\/uploads\/2024\/11\/evenement-allaitement.png\" alt=\"Journ\u00e9e VanillaMilk\" class=\"img-responsive\" width=\"580\" height=\"250\" title=\"- -\"><\/p>\n<div class=\"retour-sommaire\"><a href=\"#sommaire\">Retour au sommaire<\/a><\/div>\n<h3>6 \u2013 Cr\u00e9ez vos supports imprim\u00e9s : pour avoir des outils tangibles de communication<\/h3>\n<p><strong>N\u2019oubliez pas l\u2019importance des supports imprim\u00e9s !<\/strong> Des cartes de visite de qualit\u00e9, des brochures informatives ou des flyers avec vos coordonn\u00e9es et les prestations que vous proposez sont des <strong>outils pr\u00e9cieux pour vous faire conna\u00eetre<\/strong> lors d\u2019\u00e9v\u00e9nements locaux, de rencontres professionnelles ou en les distribuant dans des lieux pertinents fr\u00e9quent\u00e9s par votre persona.<\/p>\n<div class=\"retour-sommaire\"><a href=\"#sommaire\">Retour au sommaire<\/a><\/div>\n<h3>7 \u2013 Ayez un calendrier de prise de rendez-vous en ligne : pour faciliter la prise de rendez-vous<\/h3>\n<p>Impl\u00e9mentez un syst\u00e8me de prise de rendez-vous en ligne sur votre site web ou utilisez un outil d\u00e9di\u00e9 tel que Calendly pour <strong>permettre \u00e0 votre patient\u00e8le de r\u00e9server facilement un rendez-vous<\/strong> et de mani\u00e8re autonome.<\/p>\n<p>Parfois, certaines personnes pr\u00e9f\u00e8rent planifier leur rendez-vous \u00e0 leur convenance et \u00e9viter les appels t\u00e9l\u00e9phoniques. <strong>Cela peut aussi \u00eatre un gain de temps pour vous !<\/strong><\/p>\n<div class=\"retour-sommaire\"><a href=\"#sommaire\">Retour au sommaire<\/a><\/div>\n<h3>8 \u2013 Ayez une identit\u00e9 graphique : pour une communication unique et \u00e0 votre image<\/h3>\n<p>Avoir une identit\u00e9 graphique coh\u00e9rente inclut un logo, une palette de couleurs et une ou deux typographies que vous utiliserez sur tous vos supports de communication, en ligne et hors ligne. <strong>Elle permettra de vous reconna\u00eetre facilement et contribuera \u00e0 professionnaliser votre image.<\/strong><\/p>\n<p>C\u2019est aussi une mani\u00e8re pour vous d\u2019utiliser des couleurs, formes et images qui \u00e9voquent des <strong>\u00e9motions positives<\/strong> (douceur, s\u00e9r\u00e9nit\u00e9, confiance, bienveillance) et ainsi, de <strong>rassurer les (futurs) parents<\/strong>.<\/p>\n<div class=\"retour-sommaire\"><a href=\"#sommaire\">Retour au sommaire<\/a><\/div>\n<div class=\"et-box et-bio\">\n<div class=\"et-box-content\"><strong>LE BONUS \u00ab MAGIQUE \u00bb : LE BOUCHE \u00c0 OREILLE<\/strong><br \/>\nCes bonnes pratiques pourront donner un sacr\u00e9 coup de pouce \u00e0 votre activit\u00e9\u2026 Mais il n\u2019y a pas de recette miracle et l\u2019outil le plus efficace reste (\u00e0 notre sens) le bouche \u00e0 oreille ! La recommandation d\u2019une amie ou de quiconque de confiance n\u2019a pas de prix.<\/p>\n<p>Alors, favorisez le bouche \u00e0 oreille un maximum en encourageant vos proches et votre patient\u00e8le \u00e0 parler de vous autour d\u2019eux.\n<\/p><\/div>\n<\/div>\n<h3>Pour conclure<\/h3>\n<p>En mettant en \u0153uvre <strong>les actions de votre choix et en les adaptant \u00e0 votre activit\u00e9<\/strong>, vous pourrez am\u00e9liorer consid\u00e9rablement votre visibilit\u00e9.<\/p>\n<p>N\u2019oubliez pas que <strong>se faire conna\u00eetre demande de la patience et de la pers\u00e9v\u00e9rance<\/strong>. Alors, faites de votre mieux, selon vos moyens, vos objectifs et vos envies !<\/p>\n","protected":false},"excerpt":{"rendered":"<p>8 bonnes pratiques pour se rendre visibles en ligne et localement<\/p>\n","protected":false},"author":5,"featured_media":9725,"comment_status":"closed","ping_status":"open","sticky":false,"template":"","format":"standard","meta":{"_acf_changed":false,"_et_pb_use_builder":"off","_et_pb_old_content":"","_et_gb_content_width":"","footnotes":""},"categories":[60],"tags":[],"class_list":["post-9717","post","type-post","status-publish","format-standard","has-post-thumbnail","hentry","category-les-origines-de-vanillamilk"],"acf":[],"_links":{"self":[{"href":"https:\/\/vanillamilk.fr\/blog\/wp-json\/wp\/v2\/posts\/9717","targetHints":{"allow":["GET"]}}],"collection":[{"href":"https:\/\/vanillamilk.fr\/blog\/wp-json\/wp\/v2\/posts"}],"about":[{"href":"https:\/\/vanillamilk.fr\/blog\/wp-json\/wp\/v2\/types\/post"}],"author":[{"embeddable":true,"href":"https:\/\/vanillamilk.fr\/blog\/wp-json\/wp\/v2\/users\/5"}],"replies":[{"embeddable":true,"href":"https:\/\/vanillamilk.fr\/blog\/wp-json\/wp\/v2\/comments?post=9717"}],"version-history":[{"count":28,"href":"https:\/\/vanillamilk.fr\/blog\/wp-json\/wp\/v2\/posts\/9717\/revisions"}],"predecessor-version":[{"id":13200,"href":"https:\/\/vanillamilk.fr\/blog\/wp-json\/wp\/v2\/posts\/9717\/revisions\/13200"}],"wp:featuredmedia":[{"embeddable":true,"href":"https:\/\/vanillamilk.fr\/blog\/wp-json\/wp\/v2\/media\/9725"}],"wp:attachment":[{"href":"https:\/\/vanillamilk.fr\/blog\/wp-json\/wp\/v2\/media?parent=9717"}],"wp:term":[{"taxonomy":"category","embeddable":true,"href":"https:\/\/vanillamilk.fr\/blog\/wp-json\/wp\/v2\/categories?post=9717"},{"taxonomy":"post_tag","embeddable":true,"href":"https:\/\/vanillamilk.fr\/blog\/wp-json\/wp\/v2\/tags?post=9717"}],"curies":[{"name":"wp","href":"https:\/\/api.w.org\/{rel}","templated":true}]}}